{"id":1697,"date":"2024-03-21T23:36:14","date_gmt":"2024-03-21T22:36:14","guid":{"rendered":"https:\/\/kulturalna-polska.pl\/?p=1697"},"modified":"2024-03-26T08:11:29","modified_gmt":"2024-03-26T07:11:29","slug":"dwudziestolecie-miedzywojenne-kino-muzyka-moda","status":"publish","type":"post","link":"https:\/\/kulturalna-polska.pl\/index.php\/2024\/03\/21\/dwudziestolecie-miedzywojenne-kino-muzyka-moda\/","title":{"rendered":"Dwudziestolecie mi\u0119dzywojenne &#8211; kino, muzyka, moda."},"content":{"rendered":"[vc_row type=&#8221;full_width_content&#8221; full_screen_row_position=&#8221;middle&#8221; column_margin=&#8221;default&#8221; column_direction=&#8221;default&#8221; column_direction_tablet=&#8221;default&#8221; column_direction_phone=&#8221;default&#8221; scene_position=&#8221;center&#8221; left_padding_desktop=&#8221;6%&#8221; constrain_group_2=&#8221;yes&#8221; right_padding_desktop=&#8221;6%&#8221; top_margin=&#8221;-5%&#8221; text_color=&#8221;dark&#8221; text_align=&#8221;left&#8221; row_border_radius=&#8221;none&#8221; row_border_radius_applies=&#8221;bg&#8221; overflow=&#8221;visible&#8221; disable_element=&#8221;yes&#8221; advanced_gradient_angle=&#8221;0&#8243; overlay_strength=&#8221;0.3&#8243; gradient_direction=&#8221;left_to_right&#8221; shape_divider_position=&#8221;bottom&#8221; bg_image_animation=&#8221;none&#8221; gradient_type=&#8221;default&#8221; shape_type=&#8221;&#8221;][vc_column column_padding=&#8221;no-extra-padding&#8221; column_padding_tablet=&#8221;inherit&#8221; column_padding_phone=&#8221;inherit&#8221; column_padding_position=&#8221;all&#8221; column_element_direction_desktop=&#8221;default&#8221; column_element_spacing=&#8221;default&#8221; desktop_text_alignment=&#8221;default&#8221; tablet_text_alignment=&#8221;default&#8221; phone_text_alignment=&#8221;default&#8221; background_color_opacity=&#8221;1&#8243; background_hover_color_opacity=&#8221;1&#8243; background_image=&#8221;322&#8243; background_image_position=&#8221;center bottom&#8221; background_image_stacking=&#8221;default&#8221; enable_bg_scale=&#8221;true&#8221; background_image_loading=&#8221;default&#8221; column_backdrop_filter=&#8221;none&#8221; column_shadow=&#8221;none&#8221; column_border_radius=&#8221;none&#8221; column_link_target=&#8221;_self&#8221; column_position=&#8221;default&#8221; advanced_gradient_angle=&#8221;0&#8243; gradient_direction=&#8221;left_to_right&#8221; overlay_strength=&#8221;0.3&#8243; width=&#8221;1\/1&#8243; tablet_width_inherit=&#8221;default&#8221; animation_type=&#8221;default&#8221; enable_animation=&#8221;true&#8221; animation=&#8221;fade-in-from-bottom&#8221; mobile_disable_entrance_animation=&#8221;true&#8221; animation_easing=&#8221;default&#8221; bg_image_animation=&#8221;none&#8221; parallax_bg=&#8221;true&#8221; parallax_bg_speed=&#8221;very_subtle&#8221; border_type=&#8221;simple&#8221; column_border_width=&#8221;none&#8221; column_border_style=&#8221;solid&#8221; gradient_type=&#8221;default&#8221; delay=&#8221;600&#8243; column_padding_type=&#8221;default&#8221;][divider line_type=&#8221;No Line&#8221; custom_height=&#8221;60vh&#8221; custom_height_tablet=&#8221;70vh&#8221; custom_height_phone=&#8221;50vh&#8221;][\/vc_column][\/vc_row][vc_row type=&#8221;full_width_content&#8221; full_screen_row_position=&#8221;middle&#8221; column_margin=&#8221;default&#8221; equal_height=&#8221;yes&#8221; content_placement=&#8221;middle&#8221; column_direction=&#8221;default&#8221; column_direction_tablet=&#8221;default&#8221; column_direction_phone=&#8221;default&#8221; scene_position=&#8221;center&#8221; top_padding=&#8221;8%&#8221; bottom_padding=&#8221;6%&#8221; left_padding_desktop=&#8221;6%&#8221; constrain_group_2=&#8221;yes&#8221; right_padding_desktop=&#8221;6%&#8221; top_padding_tablet=&#8221;20%&#8221; top_padding_phone=&#8221;25%&#8221; text_color=&#8221;dark&#8221; text_align=&#8221;left&#8221; row_border_radius=&#8221;none&#8221; row_border_radius_applies=&#8221;bg&#8221; zindex=&#8221;100&#8243; overflow=&#8221;visible&#8221; advanced_gradient_angle=&#8221;0&#8243; overlay_strength=&#8221;0.3&#8243; gradient_direction=&#8221;left_to_right&#8221; shape_divider_position=&#8221;bottom&#8221; bg_image_animation=&#8221;fade-in&#8221; gradient_type=&#8221;default&#8221; shape_type=&#8221;&#8221;][vc_column column_padding=&#8221;no-extra-padding&#8221; column_padding_tablet=&#8221;inherit&#8221; column_padding_phone=&#8221;inherit&#8221; column_padding_position=&#8221;all&#8221; column_element_direction_desktop=&#8221;default&#8221; column_element_spacing=&#8221;default&#8221; desktop_text_alignment=&#8221;default&#8221; tablet_text_alignment=&#8221;default&#8221; phone_text_alignment=&#8221;default&#8221; background_color_opacity=&#8221;1&#8243; background_hover_color_opacity=&#8221;1&#8243; column_backdrop_filter=&#8221;none&#8221; column_shadow=&#8221;none&#8221; column_border_radius=&#8221;none&#8221; column_link_target=&#8221;_self&#8221; column_position=&#8221;default&#8221; advanced_gradient_angle=&#8221;0&#8243; gradient_direction=&#8221;left_to_right&#8221; overlay_strength=&#8221;0.3&#8243; width=&#8221;1\/1&#8243; tablet_width_inherit=&#8221;default&#8221; animation_type=&#8221;default&#8221; bg_image_animation=&#8221;none&#8221; border_type=&#8221;simple&#8221; column_border_width=&#8221;none&#8221; column_border_style=&#8221;solid&#8221; gradient_type=&#8221;default&#8221;][vc_row_inner equal_height=&#8221;yes&#8221; content_placement=&#8221;middle&#8221; column_margin=&#8221;default&#8221; column_direction=&#8221;default&#8221; column_direction_tablet=&#8221;default&#8221; column_direction_phone=&#8221;default&#8221; text_align=&#8221;left&#8221; row_position=&#8221;default&#8221; row_position_tablet=&#8221;inherit&#8221; row_position_phone=&#8221;inherit&#8221; overflow=&#8221;visible&#8221; pointer_events=&#8221;all&#8221;][vc_column_inner column_padding=&#8221;no-extra-padding&#8221; column_padding_tablet=&#8221;inherit&#8221; column_padding_phone=&#8221;inherit&#8221; column_padding_position=&#8221;all&#8221; bottom_margin_tablet=&#8221;20&#8243; column_element_direction_desktop=&#8221;default&#8221; column_element_spacing=&#8221;default&#8221; desktop_text_alignment=&#8221;default&#8221; tablet_text_alignment=&#8221;default&#8221; phone_text_alignment=&#8221;default&#8221; background_color_opacity=&#8221;1&#8243; background_hover_color_opacity=&#8221;1&#8243; column_backdrop_filter=&#8221;none&#8221; column_shadow=&#8221;none&#8221; column_border_radius=&#8221;none&#8221; column_link_target=&#8221;_self&#8221; overflow=&#8221;visible&#8221; advanced_gradient_angle=&#8221;0&#8243; gradient_direction=&#8221;left_to_right&#8221; overlay_strength=&#8221;0.3&#8243; width=&#8221;4\/5&#8243; tablet_width_inherit=&#8221;small_desktop&#8221; animation_type=&#8221;default&#8221; bg_image_animation=&#8221;none&#8221; border_type=&#8221;simple&#8221; column_border_width=&#8221;none&#8221; column_border_style=&#8221;solid&#8221; gradient_type=&#8221;default&#8221; offset=&#8221;vc_col-md-9&#8243;][split_line_heading animation_type=&#8221;line-reveal-by-space&#8221; font_style=&#8221;h2&#8243; line_reveal_by_space_text_effect=&#8221;letter-reveal-bottom&#8221; stagger_animation=&#8221;true&#8221; mobile_disable_animation=&#8221;true&#8221; content_alignment=&#8221;default&#8221; mobile_content_alignment=&#8221;inherit&#8221; link_target=&#8221;_self&#8221; text_content=&#8221;I Klub Dyplomaty &#8211; edycja 2&#8243; font_size=&#8221;2vw&#8221; font_size_tablet=&#8221;9vw&#8221; font_size_phone=&#8221;10vw&#8221;][\/split_line_heading][split_line_heading animation_type=&#8221;line-reveal-by-space&#8221; font_style=&#8221;h1&#8243; line_reveal_by_space_text_effect=&#8221;letter-reveal-bottom&#8221; stagger_animation=&#8221;true&#8221; mobile_disable_animation=&#8221;true&#8221; content_alignment=&#8221;default&#8221; mobile_content_alignment=&#8221;inherit&#8221; link_target=&#8221;_self&#8221; text_content=&#8221;Dwudziestolecie mi\u0119dzywojenne &#8211; kino, muzyka, moda.&#8221; font_size=&#8221;4vw&#8221; font_size_tablet=&#8221;9vw&#8221; font_size_phone=&#8221;10vw&#8221;][\/split_line_heading][\/vc_column_inner][vc_column_inner column_padding=&#8221;no-extra-padding&#8221; column_padding_tablet=&#8221;inherit&#8221; column_padding_phone=&#8221;inherit&#8221; column_padding_position=&#8221;all&#8221; column_element_direction_desktop=&#8221;default&#8221; column_element_spacing=&#8221;10px&#8221; desktop_text_alignment=&#8221;default&#8221; tablet_text_alignment=&#8221;default&#8221; phone_text_alignment=&#8221;default&#8221; background_color_opacity=&#8221;1&#8243; background_hover_color_opacity=&#8221;1&#8243; column_backdrop_filter=&#8221;none&#8221; column_shadow=&#8221;none&#8221; column_border_radius=&#8221;none&#8221; column_link_target=&#8221;_self&#8221; overflow=&#8221;visible&#8221; advanced_gradient_angle=&#8221;0&#8243; gradient_direction=&#8221;left_to_right&#8221; overlay_strength=&#8221;0.3&#8243; width=&#8221;1\/5&#8243; tablet_width_inherit=&#8221;small_desktop&#8221; animation_type=&#8221;default&#8221; enable_animation=&#8221;true&#8221; animation=&#8221;fade-in-from-bottom&#8221; mobile_disable_entrance_animation=&#8221;true&#8221; animation_easing=&#8221;default&#8221; bg_image_animation=&#8221;none&#8221; border_type=&#8221;simple&#8221; column_border_width=&#8221;none&#8221; column_border_style=&#8221;solid&#8221; gradient_type=&#8221;default&#8221; delay=&#8221;500&#8243; offset=&#8221;vc_col-md-3&#8243; column_padding_type=&#8221;default&#8221;][nectar_responsive_text]Termin spotkania:[\/nectar_responsive_text][nectar_responsive_text]\n<h6>21.03.2024r.<\/h6>\n[\/nectar_responsive_text][nectar_responsive_text]Miejsce:[\/nectar_responsive_text][nectar_cta btn_style=&#8221;underline&#8221; heading_tag=&#8221;h6&#8243; button_color=&#8221;default&#8221; text_color=&#8221;#0a0a0a&#8221; button_border_thickness=&#8221;0px&#8221; link_type=&#8221;new_tab&#8221; alignment=&#8221;left&#8221; alignment_tablet=&#8221;default&#8221; alignment_phone=&#8221;default&#8221; display=&#8221;block&#8221; display_tablet=&#8221;inherit&#8221; display_phone=&#8221;inline-block&#8221; icon_family=&#8221;none&#8221; link_text=&#8221;Dom Dziennikarza w Warszawie&#8221; url=&#8221;https:\/\/cpf.pl&#8221;][nectar_responsive_text]Partner spotkania:[\/nectar_responsive_text][image_with_animation image_url=&#8221;1820&#8243; image_size=&#8221;full&#8221; animation_type=&#8221;entrance&#8221; animation=&#8221;None&#8221; animation_movement_type=&#8221;transform_y&#8221; hover_animation=&#8221;none&#8221; alignment=&#8221;&#8221; img_link_target=&#8221;_blank&#8221; border_radius=&#8221;none&#8221; box_shadow=&#8221;none&#8221; image_loading=&#8221;default&#8221; max_width=&#8221;100%&#8221; max_width_mobile=&#8221;default&#8221; img_link=&#8221;https:\/\/victoriavolters.com\/?fbclid=IwAR2nVHBe5NO_jG13yEiONzVa8DuRphkoxWeVzi_3WoraPcY79mcT3QT4jtI&#8221;][\/vc_column_inner][\/vc_row_inner][\/vc_column][\/vc_row][vc_row type=&#8221;in_container&#8221; full_screen_row_position=&#8221;middle&#8221; column_margin=&#8221;default&#8221; column_direction=&#8221;default&#8221; column_direction_tablet=&#8221;default&#8221; column_direction_phone=&#8221;default&#8221; scene_position=&#8221;center&#8221; text_color=&#8221;dark&#8221; text_align=&#8221;left&#8221; row_border_radius=&#8221;none&#8221; row_border_radius_applies=&#8221;bg&#8221; overflow=&#8221;visible&#8221; overlay_strength=&#8221;0.3&#8243; gradient_direction=&#8221;left_to_right&#8221; shape_divider_position=&#8221;bottom&#8221; bg_image_animation=&#8221;none&#8221; gradient_type=&#8221;default&#8221; shape_type=&#8221;&#8221;][vc_column column_padding=&#8221;no-extra-padding&#8221; column_padding_tablet=&#8221;inherit&#8221; column_padding_phone=&#8221;inherit&#8221; column_padding_position=&#8221;all&#8221; column_element_direction_desktop=&#8221;default&#8221; column_element_spacing=&#8221;default&#8221; desktop_text_alignment=&#8221;default&#8221; tablet_text_alignment=&#8221;default&#8221; phone_text_alignment=&#8221;default&#8221; background_color_opacity=&#8221;1&#8243; background_hover_color_opacity=&#8221;1&#8243; column_backdrop_filter=&#8221;none&#8221; column_shadow=&#8221;none&#8221; column_border_radius=&#8221;none&#8221; column_link_target=&#8221;_self&#8221; column_position=&#8221;default&#8221; gradient_direction=&#8221;left_to_right&#8221; overlay_strength=&#8221;0.3&#8243; width=&#8221;1\/1&#8243; tablet_width_inherit=&#8221;default&#8221; animation_type=&#8221;default&#8221; bg_image_animation=&#8221;none&#8221; border_type=&#8221;simple&#8221; column_border_width=&#8221;none&#8221; column_border_style=&#8221;solid&#8221;][nectar_responsive_text font_size_desktop=&#8221;30&#8243; font_line_height=&#8221;1&#8243;]\n<div class=\"xdj266r x11i5rnm xat24cr x1mh8g0r x1vvkbs x126k92a\">\n<div dir=\"auto\">\n<p>Spotkanie Klubu Dyplomaty pod has\u0142em dwudziestolecie mi\u0119dzywojenne &#8211; kino, muzyka, moda.<\/p>\n<p>&nbsp;<\/p>\n<\/div>\n<\/div>\n<div class=\"x11i5rnm xat24cr x1mh8g0r x1vvkbs xtlvy1s x126k92a\">\n<div dir=\"auto\">\n<p>Oficjalny partner Polska Fundacja Narodowa. Partner wydarzenia Agencja Artystyczna &#8222;Retro-Pasje&#8221;. Patronat medialny Filmoteka Narodowa &#8211; Instytut Audiowizualny DoRzeczy Radio Wnet<\/p>\n<p>&nbsp;<\/p>\n<\/div>\n<\/div>\n<div class=\"x11i5rnm xat24cr x1mh8g0r x1vvkbs xtlvy1s x126k92a\">\n<div dir=\"auto\">Go\u015bci podjeli\u015bmy kuchni\u0105 mi\u0119dzywojnia ze sztufad\u0105 w roli g\u0142\u00f3wnej przygotowan\u0105 przez Jaros\u0142awa U\u015bci\u0144skiego.<\/div>\n<\/div>\n[\/nectar_responsive_text][\/vc_column][\/vc_row][vc_row type=&#8221;in_container&#8221; full_screen_row_position=&#8221;middle&#8221; column_margin=&#8221;default&#8221; column_direction=&#8221;default&#8221; column_direction_tablet=&#8221;default&#8221; column_direction_phone=&#8221;default&#8221; scene_position=&#8221;center&#8221; text_color=&#8221;dark&#8221; text_align=&#8221;left&#8221; row_border_radius=&#8221;none&#8221; row_border_radius_applies=&#8221;bg&#8221; overflow=&#8221;visible&#8221; overlay_strength=&#8221;0.3&#8243; gradient_direction=&#8221;left_to_right&#8221; shape_divider_position=&#8221;bottom&#8221; bg_image_animation=&#8221;none&#8221;][vc_column column_padding=&#8221;no-extra-padding&#8221; column_padding_tablet=&#8221;inherit&#8221; column_padding_phone=&#8221;inherit&#8221; column_padding_position=&#8221;all&#8221; column_element_direction_desktop=&#8221;default&#8221; column_element_spacing=&#8221;default&#8221; desktop_text_alignment=&#8221;default&#8221; tablet_text_alignment=&#8221;default&#8221; phone_text_alignment=&#8221;default&#8221; background_color_opacity=&#8221;1&#8243; background_hover_color_opacity=&#8221;1&#8243; column_backdrop_filter=&#8221;none&#8221; column_shadow=&#8221;none&#8221; column_border_radius=&#8221;none&#8221; column_link_target=&#8221;_self&#8221; column_position=&#8221;default&#8221; gradient_direction=&#8221;left_to_right&#8221; overlay_strength=&#8221;0.3&#8243; width=&#8221;1\/1&#8243; tablet_width_inherit=&#8221;default&#8221; animation_type=&#8221;default&#8221; bg_image_animation=&#8221;none&#8221; border_type=&#8221;simple&#8221; column_border_width=&#8221;none&#8221; column_border_style=&#8221;solid&#8221;][vc_gallery type=&#8221;image_grid&#8221; images=&#8221;1699,1700,1701,1702,1703,1704,1705,1706,1707,1708,1709,1710,1711,1712,1713,1714,1715,1716,1717,1718,1719,1720,1721,1722,1723,1724,1725,1726,1727,1728,1729,1730,1731,1732,1733,1734,1735,1736,1737,1738,1739,1740,1741,1742,1743,1744,1745,1746,1747,1748,1749,1750,1751,1752,1753,1754,1755,1756,1757,1758,1759,1760,1761,1762,1763,1764,1765,1766,1767,1768,1769,1770,1771,1772,1773,1774,1775,1776,1777,1778,1779,1780,1781,1782,1783,1784,1785,1786,1787,1788,1789,1790,1791,1792,1793,1794,1795,1796,1797,1798,1799,1800,1801,1802,1803,1804,1805,1806,1807,1808,1809,1810,1811,1812,1813,1814&#8243; image_grid_loading=&#8221;default&#8221; layout=&#8221;4&#8243; masonry_style=&#8221;true&#8221; bypass_image_cropping=&#8221;true&#8221; item_spacing=&#8221;default&#8221; gallery_style=&#8221;7&#8243; load_in_animation=&#8221;fade_in&#8221;][\/vc_column][\/vc_row][vc_row type=&#8221;in_container&#8221; full_screen_row_position=&#8221;middle&#8221; column_margin=&#8221;default&#8221; column_direction=&#8221;default&#8221; column_direction_tablet=&#8221;default&#8221; column_direction_phone=&#8221;default&#8221; scene_position=&#8221;center&#8221; text_color=&#8221;dark&#8221; text_align=&#8221;left&#8221; row_border_radius=&#8221;none&#8221; row_border_radius_applies=&#8221;bg&#8221; overflow=&#8221;visible&#8221; overlay_strength=&#8221;0.3&#8243; gradient_direction=&#8221;left_to_right&#8221; shape_divider_position=&#8221;bottom&#8221; bg_image_animation=&#8221;none&#8221;][vc_column column_padding=&#8221;no-extra-padding&#8221; column_padding_tablet=&#8221;inherit&#8221; column_padding_phone=&#8221;inherit&#8221; column_padding_position=&#8221;all&#8221; column_element_direction_desktop=&#8221;default&#8221; column_element_spacing=&#8221;default&#8221; desktop_text_alignment=&#8221;default&#8221; tablet_text_alignment=&#8221;default&#8221; phone_text_alignment=&#8221;default&#8221; background_color_opacity=&#8221;1&#8243; background_hover_color_opacity=&#8221;1&#8243; column_backdrop_filter=&#8221;none&#8221; column_shadow=&#8221;none&#8221; column_border_radius=&#8221;none&#8221; column_link_target=&#8221;_self&#8221; column_position=&#8221;default&#8221; gradient_direction=&#8221;left_to_right&#8221; overlay_strength=&#8221;0.3&#8243; width=&#8221;3\/5&#8243; tablet_width_inherit=&#8221;default&#8221; animation_type=&#8221;default&#8221; bg_image_animation=&#8221;none&#8221; border_type=&#8221;simple&#8221; column_border_width=&#8221;none&#8221; column_border_style=&#8221;solid&#8221;][split_line_heading animation_type=&#8221;line-reveal-by-space&#8221; font_style=&#8221;h2&#8243; line_reveal_by_space_text_effect=&#8221;letter-reveal-bottom&#8221; stagger_animation=&#8221;true&#8221; mobile_disable_animation=&#8221;true&#8221; content_alignment=&#8221;default&#8221; mobile_content_alignment=&#8221;inherit&#8221; link_target=&#8221;_self&#8221; text_content=&#8221;Jeste\u015b dziennikarzem i chcesz skorzysta\u0107 z naszych zdj\u0119\u0107?&#8221; font_size=&#8221;2vw&#8221; font_size_tablet=&#8221;9vw&#8221; font_size_phone=&#8221;10vw&#8221;][\/split_line_heading][\/vc_column][vc_column column_padding=&#8221;no-extra-padding&#8221; column_padding_tablet=&#8221;inherit&#8221; column_padding_phone=&#8221;inherit&#8221; column_padding_position=&#8221;all&#8221; translate_y=&#8221;35&#8243; column_element_direction_desktop=&#8221;horizontal&#8221; column_element_alignment=&#8221;center&#8221; column_element_spacing=&#8221;default&#8221; centered_text=&#8221;true&#8221; desktop_text_alignment=&#8221;right&#8221; tablet_text_alignment=&#8221;default&#8221; phone_text_alignment=&#8221;default&#8221; background_color_opacity=&#8221;1&#8243; background_hover_color_opacity=&#8221;1&#8243; column_backdrop_filter=&#8221;none&#8221; column_shadow=&#8221;none&#8221; column_border_radius=&#8221;none&#8221; column_link_target=&#8221;_self&#8221; column_position=&#8221;default&#8221; gradient_direction=&#8221;left_to_right&#8221; overlay_strength=&#8221;0.3&#8243; width=&#8221;2\/5&#8243; tablet_width_inherit=&#8221;default&#8221; animation_type=&#8221;default&#8221; bg_image_animation=&#8221;none&#8221; border_type=&#8221;simple&#8221; column_border_width=&#8221;none&#8221; column_border_style=&#8221;solid&#8221; column_padding_type=&#8221;default&#8221; gradient_type=&#8221;default&#8221;][nectar_cta btn_style=&#8221;underline&#8221; heading_tag=&#8221;h6&#8243; button_color=&#8221;default&#8221; text_color=&#8221;#fe1010&#8243; button_border_thickness=&#8221;0px&#8221; link_type=&#8221;new_tab&#8221; alignment=&#8221;right&#8221; alignment_tablet=&#8221;default&#8221; alignment_phone=&#8221;default&#8221; display=&#8221;inline&#8221; display_tablet=&#8221;inherit&#8221; display_phone=&#8221;inline-block&#8221; icon_family=&#8221;none&#8221; link_text=&#8221;Pobierz galeri\u0119&#8221; url=&#8221;https:\/\/kulturalna-polska.pl\/wp-content\/uploads\/2024\/03\/20240321-1200px.zip&#8221;][\/vc_column][\/vc_row][vc_row type=&#8221;in_container&#8221; full_screen_row_position=&#8221;middle&#8221; column_margin=&#8221;default&#8221; column_direction=&#8221;default&#8221; column_direction_tablet=&#8221;default&#8221; column_direction_phone=&#8221;default&#8221; scene_position=&#8221;center&#8221; text_color=&#8221;dark&#8221; text_align=&#8221;left&#8221; row_border_radius=&#8221;none&#8221; row_border_radius_applies=&#8221;bg&#8221; overflow=&#8221;visible&#8221; overlay_strength=&#8221;0.3&#8243; gradient_direction=&#8221;left_to_right&#8221; shape_divider_position=&#8221;bottom&#8221; bg_image_animation=&#8221;none&#8221; gradient_type=&#8221;default&#8221; shape_type=&#8221;&#8221;][vc_column column_padding=&#8221;no-extra-padding&#8221; column_padding_tablet=&#8221;inherit&#8221; column_padding_phone=&#8221;inherit&#8221; column_padding_position=&#8221;all&#8221; column_element_direction_desktop=&#8221;default&#8221; column_element_spacing=&#8221;default&#8221; desktop_text_alignment=&#8221;default&#8221; tablet_text_alignment=&#8221;default&#8221; phone_text_alignment=&#8221;default&#8221; background_color_opacity=&#8221;1&#8243; background_hover_color_opacity=&#8221;1&#8243; column_backdrop_filter=&#8221;none&#8221; column_shadow=&#8221;none&#8221; column_border_radius=&#8221;none&#8221; column_link_target=&#8221;_self&#8221; column_position=&#8221;default&#8221; gradient_direction=&#8221;left_to_right&#8221; overlay_strength=&#8221;0.3&#8243; width=&#8221;1\/1&#8243; tablet_width_inherit=&#8221;default&#8221; animation_type=&#8221;default&#8221; bg_image_animation=&#8221;none&#8221; border_type=&#8221;simple&#8221; column_border_width=&#8221;none&#8221; column_border_style=&#8221;solid&#8221;][nectar_video_lightbox link_style=&#8221;play_button_2&#8243; nectar_play_button_color=&#8221;Default-Accent-Color&#8221; image_url=&#8221;1765&#8243; hover_effect=&#8221;defaut&#8221; box_shadow=&#8221;none&#8221; border_radius=&#8221;none&#8221; play_button_size=&#8221;default&#8221; video_url=&#8221;https:\/\/youtu.be\/jnmV_4zhvho&#8221;][\/vc_column][\/vc_row]\n","protected":false},"excerpt":{"rendered":"<p>[vc_row type=&#8221;full_width_content&#8221; full_screen_row_position=&#8221;middle&#8221; column_margin=&#8221;default&#8221; column_direction=&#8221;default&#8221; column_direction_tablet=&#8221;default&#8221; column_direction_phone=&#8221;default&#8221; scene_position=&#8221;center&#8221; left_padding_desktop=&#8221;6%&#8221; constrain_group_2=&#8221;yes&#8221; right_padding_desktop=&#8221;6%&#8221; top_margin=&#8221;-5%&#8221; text_color=&#8221;dark&#8221; text_align=&#8221;left&#8221; row_border_radius=&#8221;none&#8221; row_border_radius_applies=&#8221;bg&#8221; overflow=&#8221;visible&#8221; disable_element=&#8221;yes&#8221; advanced_gradient_angle=&#8221;0&#8243; overlay_strength=&#8221;0.3&#8243; gradient_direction=&#8221;left_to_right&#8221; shape_divider_position=&#8221;bottom&#8221; bg_image_animation=&#8221;none&#8221; gradient_type=&#8221;default&#8221; shape_type=&#8221;&#8221;][vc_column column_padding=&#8221;no-extra-padding&#8221; column_padding_tablet=&#8221;inherit&#8221; column_padding_phone=&#8221;inherit&#8221; column_padding_position=&#8221;all&#8221; column_element_direction_desktop=&#8221;default&#8221;&#8230;<\/p>\n","protected":false},"author":2,"featured_media":1706,"comment_status":"closed","ping_status":"open","sticky":false,"template":"","format":"standard","meta":{"footnotes":""},"categories":[6],"tags":[],"class_list":{"0":"post-1697","1":"post","2":"type-post","3":"status-publish","4":"format-standard","5":"has-post-thumbnail","7":"category-klub-dyplomaty"},"yoast_head":"<!-- This site is optimized with the Yoast SEO plugin v27.5 - https:\/\/yoast.com\/product\/yoast-seo-wordpress\/ -->\n<title>Dwudziestolecie mi\u0119dzywojenne - kino, muzyka, moda. - Kulturalna Polska<\/title>\n<meta name=\"robots\" content=\"index, follow, max-snippet:-1, max-image-preview:large, max-video-preview:-1\" \/>\n<link rel=\"canonical\" href=\"https:\/\/kulturalna-polska.pl\/index.php\/2024\/03\/21\/dwudziestolecie-miedzywojenne-kino-muzyka-moda\/\" \/>\n<meta property=\"og:locale\" content=\"pl_PL\" \/>\n<meta property=\"og:type\" content=\"article\" \/>\n<meta property=\"og:title\" content=\"Dwudziestolecie mi\u0119dzywojenne - kino, muzyka, moda. - Kulturalna Polska\" \/>\n<meta property=\"og:description\" content=\"[vc_row type=&#8221;full_width_content&#8221; full_screen_row_position=&#8221;middle&#8221; column_margin=&#8221;default&#8221; column_direction=&#8221;default&#8221; column_direction_tablet=&#8221;default&#8221; column_direction_phone=&#8221;default&#8221; scene_position=&#8221;center&#8221; left_padding_desktop=&#8221;6%&#8221; constrain_group_2=&#8221;yes&#8221; right_padding_desktop=&#8221;6%&#8221; top_margin=&#8221;-5%&#8221; text_color=&#8221;dark&#8221; text_align=&#8221;left&#8221; row_border_radius=&#8221;none&#8221; row_border_radius_applies=&#8221;bg&#8221; overflow=&#8221;visible&#8221; disable_element=&#8221;yes&#8221; advanced_gradient_angle=&#8221;0&#8243; overlay_strength=&#8221;0.3&#8243; gradient_direction=&#8221;left_to_right&#8221; shape_divider_position=&#8221;bottom&#8221; bg_image_animation=&#8221;none&#8221; gradient_type=&#8221;default&#8221; shape_type=&#8221;&#8221;][vc_column column_padding=&#8221;no-extra-padding&#8221; column_padding_tablet=&#8221;inherit&#8221; column_padding_phone=&#8221;inherit&#8221; column_padding_position=&#8221;all&#8221; column_element_direction_desktop=&#8221;default&#8221;...\" \/>\n<meta property=\"og:url\" content=\"https:\/\/kulturalna-polska.pl\/index.php\/2024\/03\/21\/dwudziestolecie-miedzywojenne-kino-muzyka-moda\/\" \/>\n<meta property=\"og:site_name\" content=\"Kulturalna Polska\" \/>\n<meta property=\"article:published_time\" content=\"2024-03-21T22:36:14+00:00\" \/>\n<meta property=\"article:modified_time\" content=\"2024-03-26T07:11:29+00:00\" \/>\n<meta property=\"og:image\" content=\"https:\/\/kulturalna-polska.pl\/wp-content\/uploads\/2024\/03\/Klub-Dyplomaty_20240321_008.jpg\" \/>\n\t<meta property=\"og:image:width\" content=\"1200\" \/>\n\t<meta property=\"og:image:height\" content=\"800\" \/>\n\t<meta property=\"og:image:type\" content=\"image\/jpeg\" \/>\n<meta name=\"author\" content=\"Micha\u0142 Sujeta\" \/>\n<meta name=\"twitter:card\" content=\"summary_large_image\" \/>\n<meta name=\"twitter:label1\" content=\"Napisane przez\" \/>\n\t<meta name=\"twitter:data1\" content=\"Micha\u0142 Sujeta\" \/>\n\t<meta name=\"twitter:label2\" content=\"Szacowany czas czytania\" \/>\n\t<meta name=\"twitter:data2\" content=\"28 minut\" \/>\n<script type=\"application\/ld+json\" class=\"yoast-schema-graph\">{\"@context\":\"https:\\\/\\\/schema.org\",\"@graph\":[{\"@type\":\"Article\",\"@id\":\"https:\\\/\\\/kulturalna-polska.pl\\\/index.php\\\/2024\\\/03\\\/21\\\/dwudziestolecie-miedzywojenne-kino-muzyka-moda\\\/#article\",\"isPartOf\":{\"@id\":\"https:\\\/\\\/kulturalna-polska.pl\\\/index.php\\\/2024\\\/03\\\/21\\\/dwudziestolecie-miedzywojenne-kino-muzyka-moda\\\/\"},\"author\":{\"name\":\"Micha\u0142 Sujeta\",\"@id\":\"https:\\\/\\\/kulturalna-polska.pl\\\/#\\\/schema\\\/person\\\/0b1a63b2ecb7015bd2001fa1a4c7c8e8\"},\"headline\":\"Dwudziestolecie mi\u0119dzywojenne &#8211; kino, muzyka, moda.\",\"datePublished\":\"2024-03-21T22:36:14+00:00\",\"dateModified\":\"2024-03-26T07:11:29+00:00\",\"mainEntityOfPage\":{\"@id\":\"https:\\\/\\\/kulturalna-polska.pl\\\/index.php\\\/2024\\\/03\\\/21\\\/dwudziestolecie-miedzywojenne-kino-muzyka-moda\\\/\"},\"wordCount\":1964,\"image\":{\"@id\":\"https:\\\/\\\/kulturalna-polska.pl\\\/index.php\\\/2024\\\/03\\\/21\\\/dwudziestolecie-miedzywojenne-kino-muzyka-moda\\\/#primaryimage\"},\"thumbnailUrl\":\"https:\\\/\\\/kulturalna-polska.pl\\\/wp-content\\\/uploads\\\/2024\\\/03\\\/Klub-Dyplomaty_20240321_008.jpg\",\"articleSection\":[\"Klub Dyplomaty\"],\"inLanguage\":\"pl-PL\"},{\"@type\":\"WebPage\",\"@id\":\"https:\\\/\\\/kulturalna-polska.pl\\\/index.php\\\/2024\\\/03\\\/21\\\/dwudziestolecie-miedzywojenne-kino-muzyka-moda\\\/\",\"url\":\"https:\\\/\\\/kulturalna-polska.pl\\\/index.php\\\/2024\\\/03\\\/21\\\/dwudziestolecie-miedzywojenne-kino-muzyka-moda\\\/\",\"name\":\"Dwudziestolecie mi\u0119dzywojenne - kino, muzyka, moda. - Kulturalna Polska\",\"isPartOf\":{\"@id\":\"https:\\\/\\\/kulturalna-polska.pl\\\/#website\"},\"primaryImageOfPage\":{\"@id\":\"https:\\\/\\\/kulturalna-polska.pl\\\/index.php\\\/2024\\\/03\\\/21\\\/dwudziestolecie-miedzywojenne-kino-muzyka-moda\\\/#primaryimage\"},\"image\":{\"@id\":\"https:\\\/\\\/kulturalna-polska.pl\\\/index.php\\\/2024\\\/03\\\/21\\\/dwudziestolecie-miedzywojenne-kino-muzyka-moda\\\/#primaryimage\"},\"thumbnailUrl\":\"https:\\\/\\\/kulturalna-polska.pl\\\/wp-content\\\/uploads\\\/2024\\\/03\\\/Klub-Dyplomaty_20240321_008.jpg\",\"datePublished\":\"2024-03-21T22:36:14+00:00\",\"dateModified\":\"2024-03-26T07:11:29+00:00\",\"author\":{\"@id\":\"https:\\\/\\\/kulturalna-polska.pl\\\/#\\\/schema\\\/person\\\/0b1a63b2ecb7015bd2001fa1a4c7c8e8\"},\"breadcrumb\":{\"@id\":\"https:\\\/\\\/kulturalna-polska.pl\\\/index.php\\\/2024\\\/03\\\/21\\\/dwudziestolecie-miedzywojenne-kino-muzyka-moda\\\/#breadcrumb\"},\"inLanguage\":\"pl-PL\",\"potentialAction\":[{\"@type\":\"ReadAction\",\"target\":[\"https:\\\/\\\/kulturalna-polska.pl\\\/index.php\\\/2024\\\/03\\\/21\\\/dwudziestolecie-miedzywojenne-kino-muzyka-moda\\\/\"]}]},{\"@type\":\"ImageObject\",\"inLanguage\":\"pl-PL\",\"@id\":\"https:\\\/\\\/kulturalna-polska.pl\\\/index.php\\\/2024\\\/03\\\/21\\\/dwudziestolecie-miedzywojenne-kino-muzyka-moda\\\/#primaryimage\",\"url\":\"https:\\\/\\\/kulturalna-polska.pl\\\/wp-content\\\/uploads\\\/2024\\\/03\\\/Klub-Dyplomaty_20240321_008.jpg\",\"contentUrl\":\"https:\\\/\\\/kulturalna-polska.pl\\\/wp-content\\\/uploads\\\/2024\\\/03\\\/Klub-Dyplomaty_20240321_008.jpg\",\"width\":1200,\"height\":800},{\"@type\":\"BreadcrumbList\",\"@id\":\"https:\\\/\\\/kulturalna-polska.pl\\\/index.php\\\/2024\\\/03\\\/21\\\/dwudziestolecie-miedzywojenne-kino-muzyka-moda\\\/#breadcrumb\",\"itemListElement\":[{\"@type\":\"ListItem\",\"position\":1,\"name\":\"Strona g\u0142\u00f3wna\",\"item\":\"https:\\\/\\\/kulturalna-polska.pl\\\/\"},{\"@type\":\"ListItem\",\"position\":2,\"name\":\"Dwudziestolecie mi\u0119dzywojenne &#8211; kino, muzyka, moda.\"}]},{\"@type\":\"WebSite\",\"@id\":\"https:\\\/\\\/kulturalna-polska.pl\\\/#website\",\"url\":\"https:\\\/\\\/kulturalna-polska.pl\\\/\",\"name\":\"Kulturalna Polska\",\"description\":\"\",\"potentialAction\":[{\"@type\":\"SearchAction\",\"target\":{\"@type\":\"EntryPoint\",\"urlTemplate\":\"https:\\\/\\\/kulturalna-polska.pl\\\/?s={search_term_string}\"},\"query-input\":{\"@type\":\"PropertyValueSpecification\",\"valueRequired\":true,\"valueName\":\"search_term_string\"}}],\"inLanguage\":\"pl-PL\"},{\"@type\":\"Person\",\"@id\":\"https:\\\/\\\/kulturalna-polska.pl\\\/#\\\/schema\\\/person\\\/0b1a63b2ecb7015bd2001fa1a4c7c8e8\",\"name\":\"Micha\u0142 Sujeta\",\"image\":{\"@type\":\"ImageObject\",\"inLanguage\":\"pl-PL\",\"@id\":\"https:\\\/\\\/secure.gravatar.com\\\/avatar\\\/23cbadc0fd324e5354e1be722b108b748acc0dd927a48647a48ba26d833c55c6?s=96&d=mm&r=g\",\"url\":\"https:\\\/\\\/secure.gravatar.com\\\/avatar\\\/23cbadc0fd324e5354e1be722b108b748acc0dd927a48647a48ba26d833c55c6?s=96&d=mm&r=g\",\"contentUrl\":\"https:\\\/\\\/secure.gravatar.com\\\/avatar\\\/23cbadc0fd324e5354e1be722b108b748acc0dd927a48647a48ba26d833c55c6?s=96&d=mm&r=g\",\"caption\":\"Micha\u0142 Sujeta\"},\"url\":\"https:\\\/\\\/kulturalna-polska.pl\\\/index.php\\\/author\\\/msujeta-technologicznie\\\/\"}]}<\/script>\n<!-- \/ Yoast SEO plugin. -->","yoast_head_json":{"title":"Dwudziestolecie mi\u0119dzywojenne - kino, muzyka, moda. - Kulturalna Polska","robots":{"index":"index","follow":"follow","max-snippet":"max-snippet:-1","max-image-preview":"max-image-preview:large","max-video-preview":"max-video-preview:-1"},"canonical":"https:\/\/kulturalna-polska.pl\/index.php\/2024\/03\/21\/dwudziestolecie-miedzywojenne-kino-muzyka-moda\/","og_locale":"pl_PL","og_type":"article","og_title":"Dwudziestolecie mi\u0119dzywojenne - kino, muzyka, moda. - Kulturalna Polska","og_description":"[vc_row type=&#8221;full_width_content&#8221; full_screen_row_position=&#8221;middle&#8221; column_margin=&#8221;default&#8221; column_direction=&#8221;default&#8221; column_direction_tablet=&#8221;default&#8221; column_direction_phone=&#8221;default&#8221; scene_position=&#8221;center&#8221; left_padding_desktop=&#8221;6%&#8221; constrain_group_2=&#8221;yes&#8221; right_padding_desktop=&#8221;6%&#8221; top_margin=&#8221;-5%&#8221; text_color=&#8221;dark&#8221; text_align=&#8221;left&#8221; row_border_radius=&#8221;none&#8221; row_border_radius_applies=&#8221;bg&#8221; overflow=&#8221;visible&#8221; disable_element=&#8221;yes&#8221; advanced_gradient_angle=&#8221;0&#8243; overlay_strength=&#8221;0.3&#8243; gradient_direction=&#8221;left_to_right&#8221; shape_divider_position=&#8221;bottom&#8221; bg_image_animation=&#8221;none&#8221; gradient_type=&#8221;default&#8221; shape_type=&#8221;&#8221;][vc_column column_padding=&#8221;no-extra-padding&#8221; column_padding_tablet=&#8221;inherit&#8221; column_padding_phone=&#8221;inherit&#8221; column_padding_position=&#8221;all&#8221; column_element_direction_desktop=&#8221;default&#8221;...","og_url":"https:\/\/kulturalna-polska.pl\/index.php\/2024\/03\/21\/dwudziestolecie-miedzywojenne-kino-muzyka-moda\/","og_site_name":"Kulturalna Polska","article_published_time":"2024-03-21T22:36:14+00:00","article_modified_time":"2024-03-26T07:11:29+00:00","og_image":[{"width":1200,"height":800,"url":"https:\/\/kulturalna-polska.pl\/wp-content\/uploads\/2024\/03\/Klub-Dyplomaty_20240321_008.jpg","type":"image\/jpeg"}],"author":"Micha\u0142 Sujeta","twitter_card":"summary_large_image","twitter_misc":{"Napisane przez":"Micha\u0142 Sujeta","Szacowany czas czytania":"28 minut"},"schema":{"@context":"https:\/\/schema.org","@graph":[{"@type":"Article","@id":"https:\/\/kulturalna-polska.pl\/index.php\/2024\/03\/21\/dwudziestolecie-miedzywojenne-kino-muzyka-moda\/#article","isPartOf":{"@id":"https:\/\/kulturalna-polska.pl\/index.php\/2024\/03\/21\/dwudziestolecie-miedzywojenne-kino-muzyka-moda\/"},"author":{"name":"Micha\u0142 Sujeta","@id":"https:\/\/kulturalna-polska.pl\/#\/schema\/person\/0b1a63b2ecb7015bd2001fa1a4c7c8e8"},"headline":"Dwudziestolecie mi\u0119dzywojenne &#8211; kino, muzyka, moda.","datePublished":"2024-03-21T22:36:14+00:00","dateModified":"2024-03-26T07:11:29+00:00","mainEntityOfPage":{"@id":"https:\/\/kulturalna-polska.pl\/index.php\/2024\/03\/21\/dwudziestolecie-miedzywojenne-kino-muzyka-moda\/"},"wordCount":1964,"image":{"@id":"https:\/\/kulturalna-polska.pl\/index.php\/2024\/03\/21\/dwudziestolecie-miedzywojenne-kino-muzyka-moda\/#primaryimage"},"thumbnailUrl":"https:\/\/kulturalna-polska.pl\/wp-content\/uploads\/2024\/03\/Klub-Dyplomaty_20240321_008.jpg","articleSection":["Klub Dyplomaty"],"inLanguage":"pl-PL"},{"@type":"WebPage","@id":"https:\/\/kulturalna-polska.pl\/index.php\/2024\/03\/21\/dwudziestolecie-miedzywojenne-kino-muzyka-moda\/","url":"https:\/\/kulturalna-polska.pl\/index.php\/2024\/03\/21\/dwudziestolecie-miedzywojenne-kino-muzyka-moda\/","name":"Dwudziestolecie mi\u0119dzywojenne - kino, muzyka, moda. - Kulturalna Polska","isPartOf":{"@id":"https:\/\/kulturalna-polska.pl\/#website"},"primaryImageOfPage":{"@id":"https:\/\/kulturalna-polska.pl\/index.php\/2024\/03\/21\/dwudziestolecie-miedzywojenne-kino-muzyka-moda\/#primaryimage"},"image":{"@id":"https:\/\/kulturalna-polska.pl\/index.php\/2024\/03\/21\/dwudziestolecie-miedzywojenne-kino-muzyka-moda\/#primaryimage"},"thumbnailUrl":"https:\/\/kulturalna-polska.pl\/wp-content\/uploads\/2024\/03\/Klub-Dyplomaty_20240321_008.jpg","datePublished":"2024-03-21T22:36:14+00:00","dateModified":"2024-03-26T07:11:29+00:00","author":{"@id":"https:\/\/kulturalna-polska.pl\/#\/schema\/person\/0b1a63b2ecb7015bd2001fa1a4c7c8e8"},"breadcrumb":{"@id":"https:\/\/kulturalna-polska.pl\/index.php\/2024\/03\/21\/dwudziestolecie-miedzywojenne-kino-muzyka-moda\/#breadcrumb"},"inLanguage":"pl-PL","potentialAction":[{"@type":"ReadAction","target":["https:\/\/kulturalna-polska.pl\/index.php\/2024\/03\/21\/dwudziestolecie-miedzywojenne-kino-muzyka-moda\/"]}]},{"@type":"ImageObject","inLanguage":"pl-PL","@id":"https:\/\/kulturalna-polska.pl\/index.php\/2024\/03\/21\/dwudziestolecie-miedzywojenne-kino-muzyka-moda\/#primaryimage","url":"https:\/\/kulturalna-polska.pl\/wp-content\/uploads\/2024\/03\/Klub-Dyplomaty_20240321_008.jpg","contentUrl":"https:\/\/kulturalna-polska.pl\/wp-content\/uploads\/2024\/03\/Klub-Dyplomaty_20240321_008.jpg","width":1200,"height":800},{"@type":"BreadcrumbList","@id":"https:\/\/kulturalna-polska.pl\/index.php\/2024\/03\/21\/dwudziestolecie-miedzywojenne-kino-muzyka-moda\/#breadcrumb","itemListElement":[{"@type":"ListItem","position":1,"name":"Strona g\u0142\u00f3wna","item":"https:\/\/kulturalna-polska.pl\/"},{"@type":"ListItem","position":2,"name":"Dwudziestolecie mi\u0119dzywojenne &#8211; kino, muzyka, moda."}]},{"@type":"WebSite","@id":"https:\/\/kulturalna-polska.pl\/#website","url":"https:\/\/kulturalna-polska.pl\/","name":"Kulturalna Polska","description":"","potentialAction":[{"@type":"SearchAction","target":{"@type":"EntryPoint","urlTemplate":"https:\/\/kulturalna-polska.pl\/?s={search_term_string}"},"query-input":{"@type":"PropertyValueSpecification","valueRequired":true,"valueName":"search_term_string"}}],"inLanguage":"pl-PL"},{"@type":"Person","@id":"https:\/\/kulturalna-polska.pl\/#\/schema\/person\/0b1a63b2ecb7015bd2001fa1a4c7c8e8","name":"Micha\u0142 Sujeta","image":{"@type":"ImageObject","inLanguage":"pl-PL","@id":"https:\/\/secure.gravatar.com\/avatar\/23cbadc0fd324e5354e1be722b108b748acc0dd927a48647a48ba26d833c55c6?s=96&d=mm&r=g","url":"https:\/\/secure.gravatar.com\/avatar\/23cbadc0fd324e5354e1be722b108b748acc0dd927a48647a48ba26d833c55c6?s=96&d=mm&r=g","contentUrl":"https:\/\/secure.gravatar.com\/avatar\/23cbadc0fd324e5354e1be722b108b748acc0dd927a48647a48ba26d833c55c6?s=96&d=mm&r=g","caption":"Micha\u0142 Sujeta"},"url":"https:\/\/kulturalna-polska.pl\/index.php\/author\/msujeta-technologicznie\/"}]}},"_links":{"self":[{"href":"https:\/\/kulturalna-polska.pl\/index.php\/wp-json\/wp\/v2\/posts\/1697","targetHints":{"allow":["GET"]}}],"collection":[{"href":"https:\/\/kulturalna-polska.pl\/index.php\/wp-json\/wp\/v2\/posts"}],"about":[{"href":"https:\/\/kulturalna-polska.pl\/index.php\/wp-json\/wp\/v2\/types\/post"}],"author":[{"embeddable":true,"href":"https:\/\/kulturalna-polska.pl\/index.php\/wp-json\/wp\/v2\/users\/2"}],"replies":[{"embeddable":true,"href":"https:\/\/kulturalna-polska.pl\/index.php\/wp-json\/wp\/v2\/comments?post=1697"}],"version-history":[{"count":7,"href":"https:\/\/kulturalna-polska.pl\/index.php\/wp-json\/wp\/v2\/posts\/1697\/revisions"}],"predecessor-version":[{"id":1823,"href":"https:\/\/kulturalna-polska.pl\/index.php\/wp-json\/wp\/v2\/posts\/1697\/revisions\/1823"}],"wp:featuredmedia":[{"embeddable":true,"href":"https:\/\/kulturalna-polska.pl\/index.php\/wp-json\/wp\/v2\/media\/1706"}],"wp:attachment":[{"href":"https:\/\/kulturalna-polska.pl\/index.php\/wp-json\/wp\/v2\/media?parent=1697"}],"wp:term":[{"taxonomy":"category","embeddable":true,"href":"https:\/\/kulturalna-polska.pl\/index.php\/wp-json\/wp\/v2\/categories?post=1697"},{"taxonomy":"post_tag","embeddable":true,"href":"https:\/\/kulturalna-polska.pl\/index.php\/wp-json\/wp\/v2\/tags?post=1697"}],"curies":[{"name":"wp","href":"https:\/\/api.w.org\/{rel}","templated":true}]}}