{"id":1825,"date":"2024-06-06T19:15:24","date_gmt":"2024-06-06T17:15:24","guid":{"rendered":"https:\/\/kulturalna-polska.pl\/?p=1825"},"modified":"2024-07-17T11:34:53","modified_gmt":"2024-07-17T09:34:53","slug":"zdobywcy-olimpijskich-laurow-polscy-sportowcy","status":"publish","type":"post","link":"https:\/\/kulturalna-polska.pl\/index.php\/2024\/06\/06\/zdobywcy-olimpijskich-laurow-polscy-sportowcy\/","title":{"rendered":"Zdobywcy olimpijskich laur\u00f3w &#8211; polscy sportowcy"},"content":{"rendered":"[vc_row type=&#8221;full_width_content&#8221; full_screen_row_position=&#8221;middle&#8221; column_margin=&#8221;default&#8221; column_direction=&#8221;default&#8221; column_direction_tablet=&#8221;default&#8221; column_direction_phone=&#8221;default&#8221; scene_position=&#8221;center&#8221; left_padding_desktop=&#8221;6%&#8221; constrain_group_2=&#8221;yes&#8221; right_padding_desktop=&#8221;6%&#8221; top_margin=&#8221;-5%&#8221; text_color=&#8221;dark&#8221; text_align=&#8221;left&#8221; row_border_radius=&#8221;none&#8221; row_border_radius_applies=&#8221;bg&#8221; overflow=&#8221;visible&#8221; disable_element=&#8221;yes&#8221; advanced_gradient_angle=&#8221;0&#8243; overlay_strength=&#8221;0.3&#8243; gradient_direction=&#8221;left_to_right&#8221; shape_divider_position=&#8221;bottom&#8221; bg_image_animation=&#8221;none&#8221; gradient_type=&#8221;default&#8221; shape_type=&#8221;&#8221;][vc_column column_padding=&#8221;no-extra-padding&#8221; column_padding_tablet=&#8221;inherit&#8221; column_padding_phone=&#8221;inherit&#8221; column_padding_position=&#8221;all&#8221; column_element_direction_desktop=&#8221;default&#8221; column_element_spacing=&#8221;default&#8221; desktop_text_alignment=&#8221;default&#8221; tablet_text_alignment=&#8221;default&#8221; phone_text_alignment=&#8221;default&#8221; background_color_opacity=&#8221;1&#8243; background_hover_color_opacity=&#8221;1&#8243; background_image=&#8221;322&#8243; background_image_position=&#8221;center bottom&#8221; background_image_stacking=&#8221;default&#8221; enable_bg_scale=&#8221;true&#8221; background_image_loading=&#8221;default&#8221; column_backdrop_filter=&#8221;none&#8221; column_shadow=&#8221;none&#8221; column_border_radius=&#8221;none&#8221; column_link_target=&#8221;_self&#8221; column_position=&#8221;default&#8221; advanced_gradient_angle=&#8221;0&#8243; gradient_direction=&#8221;left_to_right&#8221; overlay_strength=&#8221;0.3&#8243; width=&#8221;1\/1&#8243; tablet_width_inherit=&#8221;default&#8221; animation_type=&#8221;default&#8221; enable_animation=&#8221;true&#8221; animation=&#8221;fade-in-from-bottom&#8221; mobile_disable_entrance_animation=&#8221;true&#8221; animation_easing=&#8221;default&#8221; bg_image_animation=&#8221;none&#8221; parallax_bg=&#8221;true&#8221; parallax_bg_speed=&#8221;very_subtle&#8221; border_type=&#8221;simple&#8221; column_border_width=&#8221;none&#8221; column_border_style=&#8221;solid&#8221; gradient_type=&#8221;default&#8221; delay=&#8221;600&#8243; column_padding_type=&#8221;default&#8221;][divider line_type=&#8221;No Line&#8221; custom_height=&#8221;60vh&#8221; custom_height_tablet=&#8221;70vh&#8221; custom_height_phone=&#8221;50vh&#8221;][\/vc_column][\/vc_row][vc_row type=&#8221;full_width_content&#8221; full_screen_row_position=&#8221;middle&#8221; column_margin=&#8221;default&#8221; equal_height=&#8221;yes&#8221; content_placement=&#8221;middle&#8221; column_direction=&#8221;default&#8221; column_direction_tablet=&#8221;default&#8221; column_direction_phone=&#8221;default&#8221; scene_position=&#8221;center&#8221; top_padding=&#8221;8%&#8221; bottom_padding=&#8221;6%&#8221; left_padding_desktop=&#8221;6%&#8221; constrain_group_2=&#8221;yes&#8221; right_padding_desktop=&#8221;6%&#8221; top_padding_tablet=&#8221;20%&#8221; top_padding_phone=&#8221;25%&#8221; text_color=&#8221;dark&#8221; text_align=&#8221;left&#8221; row_border_radius=&#8221;none&#8221; row_border_radius_applies=&#8221;bg&#8221; zindex=&#8221;100&#8243; overflow=&#8221;visible&#8221; advanced_gradient_angle=&#8221;0&#8243; overlay_strength=&#8221;0.3&#8243; gradient_direction=&#8221;left_to_right&#8221; shape_divider_position=&#8221;bottom&#8221; bg_image_animation=&#8221;fade-in&#8221; gradient_type=&#8221;default&#8221; shape_type=&#8221;&#8221;][vc_column column_padding=&#8221;no-extra-padding&#8221; column_padding_tablet=&#8221;inherit&#8221; column_padding_phone=&#8221;inherit&#8221; column_padding_position=&#8221;all&#8221; column_element_direction_desktop=&#8221;default&#8221; column_element_spacing=&#8221;default&#8221; desktop_text_alignment=&#8221;default&#8221; tablet_text_alignment=&#8221;default&#8221; phone_text_alignment=&#8221;default&#8221; background_color_opacity=&#8221;1&#8243; background_hover_color_opacity=&#8221;1&#8243; column_backdrop_filter=&#8221;none&#8221; column_shadow=&#8221;none&#8221; column_border_radius=&#8221;none&#8221; column_link_target=&#8221;_self&#8221; column_position=&#8221;default&#8221; advanced_gradient_angle=&#8221;0&#8243; gradient_direction=&#8221;left_to_right&#8221; overlay_strength=&#8221;0.3&#8243; width=&#8221;1\/1&#8243; tablet_width_inherit=&#8221;default&#8221; animation_type=&#8221;default&#8221; bg_image_animation=&#8221;none&#8221; border_type=&#8221;simple&#8221; column_border_width=&#8221;none&#8221; column_border_style=&#8221;solid&#8221; gradient_type=&#8221;default&#8221;][vc_row_inner equal_height=&#8221;yes&#8221; content_placement=&#8221;middle&#8221; column_margin=&#8221;default&#8221; column_direction=&#8221;default&#8221; column_direction_tablet=&#8221;default&#8221; column_direction_phone=&#8221;default&#8221; text_align=&#8221;left&#8221; row_position=&#8221;default&#8221; row_position_tablet=&#8221;inherit&#8221; row_position_phone=&#8221;inherit&#8221; overflow=&#8221;visible&#8221; pointer_events=&#8221;all&#8221;][vc_column_inner column_padding=&#8221;no-extra-padding&#8221; column_padding_tablet=&#8221;inherit&#8221; column_padding_phone=&#8221;inherit&#8221; column_padding_position=&#8221;all&#8221; bottom_margin_tablet=&#8221;20&#8243; column_element_direction_desktop=&#8221;default&#8221; column_element_spacing=&#8221;default&#8221; desktop_text_alignment=&#8221;default&#8221; tablet_text_alignment=&#8221;default&#8221; phone_text_alignment=&#8221;default&#8221; background_color_opacity=&#8221;1&#8243; background_hover_color_opacity=&#8221;1&#8243; column_backdrop_filter=&#8221;none&#8221; column_shadow=&#8221;none&#8221; column_border_radius=&#8221;none&#8221; column_link_target=&#8221;_self&#8221; overflow=&#8221;visible&#8221; advanced_gradient_angle=&#8221;0&#8243; gradient_direction=&#8221;left_to_right&#8221; overlay_strength=&#8221;0.3&#8243; width=&#8221;4\/5&#8243; tablet_width_inherit=&#8221;small_desktop&#8221; animation_type=&#8221;default&#8221; bg_image_animation=&#8221;none&#8221; border_type=&#8221;simple&#8221; column_border_width=&#8221;none&#8221; column_border_style=&#8221;solid&#8221; gradient_type=&#8221;default&#8221; offset=&#8221;vc_col-md-9&#8243;][split_line_heading animation_type=&#8221;line-reveal-by-space&#8221; font_style=&#8221;h2&#8243; line_reveal_by_space_text_effect=&#8221;letter-reveal-bottom&#8221; stagger_animation=&#8221;true&#8221; mobile_disable_animation=&#8221;true&#8221; content_alignment=&#8221;default&#8221; mobile_content_alignment=&#8221;inherit&#8221; link_target=&#8221;_self&#8221; text_content=&#8221;II Klub Dyplomaty &#8211; edycja 2&#8243; font_size=&#8221;2vw&#8221; font_size_tablet=&#8221;9vw&#8221; font_size_phone=&#8221;10vw&#8221;][\/split_line_heading][split_line_heading animation_type=&#8221;line-reveal-by-space&#8221; font_style=&#8221;h1&#8243; line_reveal_by_space_text_effect=&#8221;letter-reveal-bottom&#8221; stagger_animation=&#8221;true&#8221; mobile_disable_animation=&#8221;true&#8221; content_alignment=&#8221;default&#8221; mobile_content_alignment=&#8221;inherit&#8221; link_target=&#8221;_self&#8221; text_content=&#8221;Zdobywcy olimpijskich laur\u00f3w &#8211; polscy sportowcy&#8221; font_size=&#8221;4vw&#8221; font_size_tablet=&#8221;9vw&#8221; font_size_phone=&#8221;10vw&#8221;][\/split_line_heading][\/vc_column_inner][vc_column_inner column_padding=&#8221;no-extra-padding&#8221; column_padding_tablet=&#8221;inherit&#8221; column_padding_phone=&#8221;inherit&#8221; column_padding_position=&#8221;all&#8221; column_element_direction_desktop=&#8221;default&#8221; column_element_spacing=&#8221;10px&#8221; desktop_text_alignment=&#8221;default&#8221; tablet_text_alignment=&#8221;default&#8221; phone_text_alignment=&#8221;default&#8221; background_color_opacity=&#8221;1&#8243; background_hover_color_opacity=&#8221;1&#8243; column_backdrop_filter=&#8221;none&#8221; column_shadow=&#8221;none&#8221; column_border_radius=&#8221;none&#8221; column_link_target=&#8221;_self&#8221; overflow=&#8221;visible&#8221; advanced_gradient_angle=&#8221;0&#8243; gradient_direction=&#8221;left_to_right&#8221; overlay_strength=&#8221;0.3&#8243; width=&#8221;1\/5&#8243; tablet_width_inherit=&#8221;small_desktop&#8221; animation_type=&#8221;default&#8221; enable_animation=&#8221;true&#8221; animation=&#8221;fade-in-from-bottom&#8221; mobile_disable_entrance_animation=&#8221;true&#8221; animation_easing=&#8221;default&#8221; bg_image_animation=&#8221;none&#8221; border_type=&#8221;simple&#8221; column_border_width=&#8221;none&#8221; column_border_style=&#8221;solid&#8221; gradient_type=&#8221;default&#8221; delay=&#8221;500&#8243; offset=&#8221;vc_col-md-3&#8243; column_padding_type=&#8221;default&#8221;][nectar_responsive_text]Termin spotkania:[\/nectar_responsive_text][nectar_responsive_text]\n<h6>06.06.2024r.<\/h6>\n[\/nectar_responsive_text][nectar_responsive_text]Miejsce:[\/nectar_responsive_text][nectar_cta btn_style=&#8221;underline&#8221; heading_tag=&#8221;h6&#8243; button_color=&#8221;default&#8221; text_color=&#8221;#0a0a0a&#8221; button_border_thickness=&#8221;0px&#8221; link_type=&#8221;new_tab&#8221; alignment=&#8221;left&#8221; alignment_tablet=&#8221;default&#8221; alignment_phone=&#8221;default&#8221; display=&#8221;block&#8221; display_tablet=&#8221;inherit&#8221; display_phone=&#8221;inline-block&#8221; icon_family=&#8221;none&#8221; link_text=&#8221;Dom Dziennikarza w Warszawie&#8221; url=&#8221;https:\/\/cpf.pl&#8221;][\/vc_column_inner][\/vc_row_inner][\/vc_column][\/vc_row][vc_row type=&#8221;in_container&#8221; full_screen_row_position=&#8221;middle&#8221; column_margin=&#8221;default&#8221; column_direction=&#8221;default&#8221; column_direction_tablet=&#8221;default&#8221; column_direction_phone=&#8221;default&#8221; scene_position=&#8221;center&#8221; text_color=&#8221;dark&#8221; text_align=&#8221;left&#8221; row_border_radius=&#8221;none&#8221; row_border_radius_applies=&#8221;bg&#8221; overflow=&#8221;visible&#8221; overlay_strength=&#8221;0.3&#8243; gradient_direction=&#8221;left_to_right&#8221; shape_divider_position=&#8221;bottom&#8221; bg_image_animation=&#8221;none&#8221; gradient_type=&#8221;default&#8221; shape_type=&#8221;&#8221;][vc_column column_padding=&#8221;no-extra-padding&#8221; column_padding_tablet=&#8221;inherit&#8221; column_padding_phone=&#8221;inherit&#8221; column_padding_position=&#8221;all&#8221; column_element_direction_desktop=&#8221;default&#8221; column_element_spacing=&#8221;default&#8221; desktop_text_alignment=&#8221;default&#8221; tablet_text_alignment=&#8221;default&#8221; phone_text_alignment=&#8221;default&#8221; background_color_opacity=&#8221;1&#8243; background_hover_color_opacity=&#8221;1&#8243; column_backdrop_filter=&#8221;none&#8221; column_shadow=&#8221;none&#8221; column_border_radius=&#8221;none&#8221; column_link_target=&#8221;_self&#8221; column_position=&#8221;default&#8221; gradient_direction=&#8221;left_to_right&#8221; overlay_strength=&#8221;0.3&#8243; width=&#8221;1\/1&#8243; tablet_width_inherit=&#8221;default&#8221; animation_type=&#8221;default&#8221; bg_image_animation=&#8221;none&#8221; border_type=&#8221;simple&#8221; column_border_width=&#8221;none&#8221; column_border_style=&#8221;solid&#8221;][nectar_responsive_text font_size_desktop=&#8221;30&#8243; font_line_height=&#8221;1&#8243;]\n<div class=\"xdj266r x11i5rnm xat24cr x1mh8g0r x1vvkbs x126k92a\">\n<div dir=\"auto\">\n<p class=\"s5\"><span class=\"s4\">Fundacja Kulturalna Polska mia\u0142a przyjemno\u015b\u0107 zaprosi\u0107 na<\/span> <span class=\"s4\">dziesi\u0105te<\/span><span class=\"s4\">\u00a0spotkanie<\/span><span class=\"s4\"> Klubu Dyplomaty.<\/span><\/p>\n<p class=\"s5\"><span class=\"s4\">Has\u0142em przewodnim &#8211; <\/span><span class=\"s4\">&#8222;<\/span><span class=\"s4\">Zdobywcy olimpijskich laur\u00f3w \u2013 polscy sportowcy\u201d.<\/span><\/p>\n<p class=\"s5\"><span class=\"s4\">O <\/span><span class=\"s4\">historii polskiego sportu<\/span><span class=\"s4\"> opowie<\/span><span class=\"s4\"> dr Robert <\/span><span class=\"s4\">Gawkowski<\/span><span class=\"s4\"> z Muzeum Sportu i turystyki w Warszawie. <\/span><\/p>\n<p class=\"s5\"><span class=\"s4\">Go\u015bciem honorowym b\u0119dzie <\/span><span class=\"s6\">Zofia Klepacka<\/span><span class=\"s4\"> &#8211; polska <\/span><span class=\"s4\">windsurferka<\/span><span class=\"s4\">, mistrzyni i dwukrotna wicemistrzyni \u015bwiata w olimpijskiej klasie RS:X, br\u0105zowa medalistka XXX letnich Igrzysk Olimpijskich w Londynie oraz <\/span><span class=\"s6\">Piotr G\u0105sienica<\/span><span class=\"s4\">wywodz\u0105cy si\u0119 z Zakopanego z rodu G\u0105sienic\u00f3w Makowskich, wiceprezes Zwi\u0105zku Podhalan w Polsce, autor sztuk teatralnych, poezji i opowiada\u0144 gwarowych, regionalista, rze\u017abiarz. \u00a0W programie r\u00f3wnie\u017c niezwyk\u0142y wyst\u0119p zespo\u0142u <\/span><span class=\"s4\">cheerlederek<\/span><span class=\"s4\">.<\/span><\/p>\n<p class=\"s5\"><span class=\"s4\">Na fina\u0142 \u201ePosi\u0142ek zwyci\u0119zc\u00f3w\u201d czyli autorskie dania kuchni polskiej przygotowane przez szefa kuchni Jaros\u0142awa <\/span><span class=\"s4\">U\u015bci\u0144skiego<\/span><span class=\"s4\">.<\/span><\/p>\n<p class=\"s5\"><span class=\"s4\">Spotkanie odb\u0119dzie si\u0119 w j\u0119zyku polskim z t\u0142umaczeniem na j\u0119zyk angielski.<\/span><\/p>\n<\/div>\n<\/div>\n[\/nectar_responsive_text][\/vc_column][\/vc_row][vc_row type=&#8221;in_container&#8221; full_screen_row_position=&#8221;middle&#8221; column_margin=&#8221;default&#8221; column_direction=&#8221;default&#8221; column_direction_tablet=&#8221;default&#8221; column_direction_phone=&#8221;default&#8221; scene_position=&#8221;center&#8221; text_color=&#8221;dark&#8221; text_align=&#8221;left&#8221; row_border_radius=&#8221;none&#8221; row_border_radius_applies=&#8221;bg&#8221; overflow=&#8221;visible&#8221; overlay_strength=&#8221;0.3&#8243; gradient_direction=&#8221;left_to_right&#8221; shape_divider_position=&#8221;bottom&#8221; bg_image_animation=&#8221;none&#8221;][vc_column column_padding=&#8221;no-extra-padding&#8221; column_padding_tablet=&#8221;inherit&#8221; column_padding_phone=&#8221;inherit&#8221; column_padding_position=&#8221;all&#8221; column_element_direction_desktop=&#8221;default&#8221; column_element_spacing=&#8221;default&#8221; desktop_text_alignment=&#8221;default&#8221; tablet_text_alignment=&#8221;default&#8221; phone_text_alignment=&#8221;default&#8221; background_color_opacity=&#8221;1&#8243; background_hover_color_opacity=&#8221;1&#8243; column_backdrop_filter=&#8221;none&#8221; column_shadow=&#8221;none&#8221; column_border_radius=&#8221;none&#8221; column_link_target=&#8221;_self&#8221; column_position=&#8221;default&#8221; gradient_direction=&#8221;left_to_right&#8221; overlay_strength=&#8221;0.3&#8243; width=&#8221;1\/1&#8243; tablet_width_inherit=&#8221;default&#8221; animation_type=&#8221;default&#8221; bg_image_animation=&#8221;none&#8221; border_type=&#8221;simple&#8221; column_border_width=&#8221;none&#8221; column_border_style=&#8221;solid&#8221;][vc_gallery type=&#8221;image_grid&#8221; images=&#8221;1827,1828,1829,1830,1831,1832,1833,1834,1835,1836,1837,1838,1839,1840,1841,1842,1843,1844,1845,1846,1847,1848,1849,1850,1851,1852,1853,1854,1855,1856,1857,1858,1859,1860,1861,1862,1863,1864,1865,1866,1867,1868,1869,1870,1871,1872,1873,1874,1875,1876,1877,1878,1879,1880,1881,1882,1883,1884,1885,1886,1887,1888,1889,1890,1891,1892,1893,1894,1895,1896,1897&#8243; image_grid_loading=&#8221;default&#8221; layout=&#8221;4&#8243; masonry_style=&#8221;true&#8221; bypass_image_cropping=&#8221;true&#8221; item_spacing=&#8221;default&#8221; gallery_style=&#8221;7&#8243; load_in_animation=&#8221;fade_in&#8221;][\/vc_column][\/vc_row][vc_row type=&#8221;in_container&#8221; full_screen_row_position=&#8221;middle&#8221; column_margin=&#8221;default&#8221; column_direction=&#8221;default&#8221; column_direction_tablet=&#8221;default&#8221; column_direction_phone=&#8221;default&#8221; scene_position=&#8221;center&#8221; text_color=&#8221;dark&#8221; text_align=&#8221;left&#8221; row_border_radius=&#8221;none&#8221; row_border_radius_applies=&#8221;bg&#8221; overflow=&#8221;visible&#8221; overlay_strength=&#8221;0.3&#8243; gradient_direction=&#8221;left_to_right&#8221; shape_divider_position=&#8221;bottom&#8221; bg_image_animation=&#8221;none&#8221;][vc_column column_padding=&#8221;no-extra-padding&#8221; column_padding_tablet=&#8221;inherit&#8221; column_padding_phone=&#8221;inherit&#8221; column_padding_position=&#8221;all&#8221; column_element_direction_desktop=&#8221;default&#8221; column_element_spacing=&#8221;default&#8221; desktop_text_alignment=&#8221;default&#8221; tablet_text_alignment=&#8221;default&#8221; phone_text_alignment=&#8221;default&#8221; background_color_opacity=&#8221;1&#8243; background_hover_color_opacity=&#8221;1&#8243; column_backdrop_filter=&#8221;none&#8221; column_shadow=&#8221;none&#8221; column_border_radius=&#8221;none&#8221; column_link_target=&#8221;_self&#8221; column_position=&#8221;default&#8221; gradient_direction=&#8221;left_to_right&#8221; overlay_strength=&#8221;0.3&#8243; width=&#8221;3\/5&#8243; tablet_width_inherit=&#8221;default&#8221; animation_type=&#8221;default&#8221; bg_image_animation=&#8221;none&#8221; border_type=&#8221;simple&#8221; column_border_width=&#8221;none&#8221; column_border_style=&#8221;solid&#8221;][split_line_heading animation_type=&#8221;line-reveal-by-space&#8221; font_style=&#8221;h2&#8243; line_reveal_by_space_text_effect=&#8221;letter-reveal-bottom&#8221; stagger_animation=&#8221;true&#8221; mobile_disable_animation=&#8221;true&#8221; content_alignment=&#8221;default&#8221; mobile_content_alignment=&#8221;inherit&#8221; link_target=&#8221;_self&#8221; text_content=&#8221;Jeste\u015b dziennikarzem i chcesz skorzysta\u0107 z naszych zdj\u0119\u0107?&#8221; font_size=&#8221;2vw&#8221; font_size_tablet=&#8221;9vw&#8221; font_size_phone=&#8221;10vw&#8221;][\/split_line_heading][\/vc_column][vc_column column_padding=&#8221;no-extra-padding&#8221; column_padding_tablet=&#8221;inherit&#8221; column_padding_phone=&#8221;inherit&#8221; column_padding_position=&#8221;all&#8221; translate_y=&#8221;35&#8243; column_element_direction_desktop=&#8221;horizontal&#8221; column_element_alignment=&#8221;center&#8221; column_element_spacing=&#8221;default&#8221; centered_text=&#8221;true&#8221; desktop_text_alignment=&#8221;right&#8221; tablet_text_alignment=&#8221;default&#8221; phone_text_alignment=&#8221;default&#8221; background_color_opacity=&#8221;1&#8243; background_hover_color_opacity=&#8221;1&#8243; column_backdrop_filter=&#8221;none&#8221; column_shadow=&#8221;none&#8221; column_border_radius=&#8221;none&#8221; column_link_target=&#8221;_self&#8221; column_position=&#8221;default&#8221; gradient_direction=&#8221;left_to_right&#8221; overlay_strength=&#8221;0.3&#8243; width=&#8221;2\/5&#8243; tablet_width_inherit=&#8221;default&#8221; animation_type=&#8221;default&#8221; bg_image_animation=&#8221;none&#8221; border_type=&#8221;simple&#8221; column_border_width=&#8221;none&#8221; column_border_style=&#8221;solid&#8221; column_padding_type=&#8221;default&#8221; gradient_type=&#8221;default&#8221;][nectar_cta btn_style=&#8221;underline&#8221; heading_tag=&#8221;h6&#8243; button_color=&#8221;default&#8221; text_color=&#8221;#fe1010&#8243; button_border_thickness=&#8221;0px&#8221; link_type=&#8221;new_tab&#8221; alignment=&#8221;right&#8221; alignment_tablet=&#8221;default&#8221; alignment_phone=&#8221;default&#8221; display=&#8221;inline&#8221; display_tablet=&#8221;inherit&#8221; display_phone=&#8221;inline-block&#8221; icon_family=&#8221;none&#8221; link_text=&#8221;Pobierz galeri\u0119&#8221; url=&#8221;https:\/\/kulturalna-polska.pl\/wp-content\/uploads\/2024\/06\/JPG-1200px.zip&#8221;][\/vc_column][\/vc_row][vc_row type=&#8221;in_container&#8221; full_screen_row_position=&#8221;middle&#8221; column_margin=&#8221;default&#8221; column_direction=&#8221;default&#8221; column_direction_tablet=&#8221;default&#8221; column_direction_phone=&#8221;default&#8221; scene_position=&#8221;center&#8221; text_color=&#8221;dark&#8221; text_align=&#8221;left&#8221; row_border_radius=&#8221;none&#8221; row_border_radius_applies=&#8221;bg&#8221; overflow=&#8221;visible&#8221; disable_element=&#8221;yes&#8221; overlay_strength=&#8221;0.3&#8243; gradient_direction=&#8221;left_to_right&#8221; shape_divider_position=&#8221;bottom&#8221; bg_image_animation=&#8221;none&#8221; gradient_type=&#8221;default&#8221; shape_type=&#8221;&#8221;][vc_column column_padding=&#8221;no-extra-padding&#8221; column_padding_tablet=&#8221;inherit&#8221; column_padding_phone=&#8221;inherit&#8221; column_padding_position=&#8221;all&#8221; column_element_direction_desktop=&#8221;default&#8221; column_element_spacing=&#8221;default&#8221; desktop_text_alignment=&#8221;default&#8221; tablet_text_alignment=&#8221;default&#8221; phone_text_alignment=&#8221;default&#8221; background_color_opacity=&#8221;1&#8243; background_hover_color_opacity=&#8221;1&#8243; column_backdrop_filter=&#8221;none&#8221; column_shadow=&#8221;none&#8221; column_border_radius=&#8221;none&#8221; column_link_target=&#8221;_self&#8221; column_position=&#8221;default&#8221; gradient_direction=&#8221;left_to_right&#8221; overlay_strength=&#8221;0.3&#8243; width=&#8221;1\/1&#8243; tablet_width_inherit=&#8221;default&#8221; animation_type=&#8221;default&#8221; bg_image_animation=&#8221;none&#8221; border_type=&#8221;simple&#8221; column_border_width=&#8221;none&#8221; column_border_style=&#8221;solid&#8221;][nectar_video_lightbox link_style=&#8221;play_button_2&#8243; nectar_play_button_color=&#8221;Default-Accent-Color&#8221; image_url=&#8221;1765&#8243; hover_effect=&#8221;defaut&#8221; box_shadow=&#8221;none&#8221; border_radius=&#8221;none&#8221; play_button_size=&#8221;default&#8221; video_url=&#8221;https:\/\/youtu.be\/jnmV_4zhvho&#8221;][\/vc_column][\/vc_row]\n","protected":false},"excerpt":{"rendered":"<p>[vc_row type=&#8221;full_width_content&#8221; full_screen_row_position=&#8221;middle&#8221; column_margin=&#8221;default&#8221; column_direction=&#8221;default&#8221; column_direction_tablet=&#8221;default&#8221; column_direction_phone=&#8221;default&#8221; scene_position=&#8221;center&#8221; left_padding_desktop=&#8221;6%&#8221; constrain_group_2=&#8221;yes&#8221; right_padding_desktop=&#8221;6%&#8221; top_margin=&#8221;-5%&#8221; text_color=&#8221;dark&#8221; text_align=&#8221;left&#8221; row_border_radius=&#8221;none&#8221; row_border_radius_applies=&#8221;bg&#8221; overflow=&#8221;visible&#8221; disable_element=&#8221;yes&#8221; advanced_gradient_angle=&#8221;0&#8243; overlay_strength=&#8221;0.3&#8243; gradient_direction=&#8221;left_to_right&#8221; shape_divider_position=&#8221;bottom&#8221; bg_image_animation=&#8221;none&#8221; gradient_type=&#8221;default&#8221; shape_type=&#8221;&#8221;][vc_column column_padding=&#8221;no-extra-padding&#8221; column_padding_tablet=&#8221;inherit&#8221; column_padding_phone=&#8221;inherit&#8221; column_padding_position=&#8221;all&#8221; column_element_direction_desktop=&#8221;default&#8221;&#8230;<\/p>\n","protected":false},"author":2,"featured_media":1873,"comment_status":"closed","ping_status":"open","sticky":false,"template":"","format":"standard","meta":{"footnotes":""},"categories":[6],"tags":[],"class_list":{"0":"post-1825","1":"post","2":"type-post","3":"status-publish","4":"format-standard","5":"has-post-thumbnail","7":"category-klub-dyplomaty"},"yoast_head":"<!-- This site is optimized with the Yoast SEO plugin v27.5 - https:\/\/yoast.com\/product\/yoast-seo-wordpress\/ -->\n<title>Zdobywcy olimpijskich laur\u00f3w - polscy sportowcy - Kulturalna Polska<\/title>\n<meta name=\"robots\" content=\"index, follow, max-snippet:-1, max-image-preview:large, max-video-preview:-1\" \/>\n<link rel=\"canonical\" href=\"https:\/\/kulturalna-polska.pl\/index.php\/2024\/06\/06\/zdobywcy-olimpijskich-laurow-polscy-sportowcy\/\" \/>\n<meta property=\"og:locale\" content=\"pl_PL\" \/>\n<meta property=\"og:type\" content=\"article\" \/>\n<meta property=\"og:title\" content=\"Zdobywcy olimpijskich laur\u00f3w - polscy sportowcy - Kulturalna Polska\" \/>\n<meta property=\"og:description\" content=\"[vc_row type=&#8221;full_width_content&#8221; full_screen_row_position=&#8221;middle&#8221; column_margin=&#8221;default&#8221; column_direction=&#8221;default&#8221; column_direction_tablet=&#8221;default&#8221; column_direction_phone=&#8221;default&#8221; scene_position=&#8221;center&#8221; left_padding_desktop=&#8221;6%&#8221; constrain_group_2=&#8221;yes&#8221; right_padding_desktop=&#8221;6%&#8221; top_margin=&#8221;-5%&#8221; text_color=&#8221;dark&#8221; text_align=&#8221;left&#8221; row_border_radius=&#8221;none&#8221; row_border_radius_applies=&#8221;bg&#8221; overflow=&#8221;visible&#8221; disable_element=&#8221;yes&#8221; advanced_gradient_angle=&#8221;0&#8243; overlay_strength=&#8221;0.3&#8243; gradient_direction=&#8221;left_to_right&#8221; shape_divider_position=&#8221;bottom&#8221; bg_image_animation=&#8221;none&#8221; gradient_type=&#8221;default&#8221; shape_type=&#8221;&#8221;][vc_column column_padding=&#8221;no-extra-padding&#8221; column_padding_tablet=&#8221;inherit&#8221; column_padding_phone=&#8221;inherit&#8221; column_padding_position=&#8221;all&#8221; column_element_direction_desktop=&#8221;default&#8221;...\" \/>\n<meta property=\"og:url\" content=\"https:\/\/kulturalna-polska.pl\/index.php\/2024\/06\/06\/zdobywcy-olimpijskich-laurow-polscy-sportowcy\/\" \/>\n<meta property=\"og:site_name\" content=\"Kulturalna Polska\" \/>\n<meta property=\"article:published_time\" content=\"2024-06-06T17:15:24+00:00\" \/>\n<meta property=\"article:modified_time\" content=\"2024-07-17T09:34:53+00:00\" \/>\n<meta property=\"og:image\" content=\"https:\/\/kulturalna-polska.pl\/wp-content\/uploads\/2024\/06\/KlubDyplomaty_20240607_1kpx-47.jpg\" \/>\n\t<meta property=\"og:image:width\" content=\"1200\" \/>\n\t<meta property=\"og:image:height\" content=\"800\" \/>\n\t<meta property=\"og:image:type\" content=\"image\/jpeg\" \/>\n<meta name=\"author\" content=\"Micha\u0142 Sujeta\" \/>\n<meta name=\"twitter:card\" content=\"summary_large_image\" \/>\n<meta name=\"twitter:label1\" content=\"Napisane przez\" \/>\n\t<meta name=\"twitter:data1\" content=\"Micha\u0142 Sujeta\" \/>\n\t<meta name=\"twitter:label2\" content=\"Szacowany czas czytania\" \/>\n\t<meta name=\"twitter:data2\" content=\"19 minut\" \/>\n<script type=\"application\/ld+json\" class=\"yoast-schema-graph\">{\"@context\":\"https:\\\/\\\/schema.org\",\"@graph\":[{\"@type\":\"Article\",\"@id\":\"https:\\\/\\\/kulturalna-polska.pl\\\/index.php\\\/2024\\\/06\\\/06\\\/zdobywcy-olimpijskich-laurow-polscy-sportowcy\\\/#article\",\"isPartOf\":{\"@id\":\"https:\\\/\\\/kulturalna-polska.pl\\\/index.php\\\/2024\\\/06\\\/06\\\/zdobywcy-olimpijskich-laurow-polscy-sportowcy\\\/\"},\"author\":{\"name\":\"Micha\u0142 Sujeta\",\"@id\":\"https:\\\/\\\/kulturalna-polska.pl\\\/#\\\/schema\\\/person\\\/0b1a63b2ecb7015bd2001fa1a4c7c8e8\"},\"headline\":\"Zdobywcy olimpijskich laur\u00f3w &#8211; polscy sportowcy\",\"datePublished\":\"2024-06-06T17:15:24+00:00\",\"dateModified\":\"2024-07-17T09:34:53+00:00\",\"mainEntityOfPage\":{\"@id\":\"https:\\\/\\\/kulturalna-polska.pl\\\/index.php\\\/2024\\\/06\\\/06\\\/zdobywcy-olimpijskich-laurow-polscy-sportowcy\\\/\"},\"wordCount\":1992,\"image\":{\"@id\":\"https:\\\/\\\/kulturalna-polska.pl\\\/index.php\\\/2024\\\/06\\\/06\\\/zdobywcy-olimpijskich-laurow-polscy-sportowcy\\\/#primaryimage\"},\"thumbnailUrl\":\"https:\\\/\\\/kulturalna-polska.pl\\\/wp-content\\\/uploads\\\/2024\\\/06\\\/KlubDyplomaty_20240607_1kpx-47.jpg\",\"articleSection\":[\"Klub Dyplomaty\"],\"inLanguage\":\"pl-PL\"},{\"@type\":\"WebPage\",\"@id\":\"https:\\\/\\\/kulturalna-polska.pl\\\/index.php\\\/2024\\\/06\\\/06\\\/zdobywcy-olimpijskich-laurow-polscy-sportowcy\\\/\",\"url\":\"https:\\\/\\\/kulturalna-polska.pl\\\/index.php\\\/2024\\\/06\\\/06\\\/zdobywcy-olimpijskich-laurow-polscy-sportowcy\\\/\",\"name\":\"Zdobywcy olimpijskich laur\u00f3w - polscy sportowcy - Kulturalna Polska\",\"isPartOf\":{\"@id\":\"https:\\\/\\\/kulturalna-polska.pl\\\/#website\"},\"primaryImageOfPage\":{\"@id\":\"https:\\\/\\\/kulturalna-polska.pl\\\/index.php\\\/2024\\\/06\\\/06\\\/zdobywcy-olimpijskich-laurow-polscy-sportowcy\\\/#primaryimage\"},\"image\":{\"@id\":\"https:\\\/\\\/kulturalna-polska.pl\\\/index.php\\\/2024\\\/06\\\/06\\\/zdobywcy-olimpijskich-laurow-polscy-sportowcy\\\/#primaryimage\"},\"thumbnailUrl\":\"https:\\\/\\\/kulturalna-polska.pl\\\/wp-content\\\/uploads\\\/2024\\\/06\\\/KlubDyplomaty_20240607_1kpx-47.jpg\",\"datePublished\":\"2024-06-06T17:15:24+00:00\",\"dateModified\":\"2024-07-17T09:34:53+00:00\",\"author\":{\"@id\":\"https:\\\/\\\/kulturalna-polska.pl\\\/#\\\/schema\\\/person\\\/0b1a63b2ecb7015bd2001fa1a4c7c8e8\"},\"breadcrumb\":{\"@id\":\"https:\\\/\\\/kulturalna-polska.pl\\\/index.php\\\/2024\\\/06\\\/06\\\/zdobywcy-olimpijskich-laurow-polscy-sportowcy\\\/#breadcrumb\"},\"inLanguage\":\"pl-PL\",\"potentialAction\":[{\"@type\":\"ReadAction\",\"target\":[\"https:\\\/\\\/kulturalna-polska.pl\\\/index.php\\\/2024\\\/06\\\/06\\\/zdobywcy-olimpijskich-laurow-polscy-sportowcy\\\/\"]}]},{\"@type\":\"ImageObject\",\"inLanguage\":\"pl-PL\",\"@id\":\"https:\\\/\\\/kulturalna-polska.pl\\\/index.php\\\/2024\\\/06\\\/06\\\/zdobywcy-olimpijskich-laurow-polscy-sportowcy\\\/#primaryimage\",\"url\":\"https:\\\/\\\/kulturalna-polska.pl\\\/wp-content\\\/uploads\\\/2024\\\/06\\\/KlubDyplomaty_20240607_1kpx-47.jpg\",\"contentUrl\":\"https:\\\/\\\/kulturalna-polska.pl\\\/wp-content\\\/uploads\\\/2024\\\/06\\\/KlubDyplomaty_20240607_1kpx-47.jpg\",\"width\":1200,\"height\":800},{\"@type\":\"BreadcrumbList\",\"@id\":\"https:\\\/\\\/kulturalna-polska.pl\\\/index.php\\\/2024\\\/06\\\/06\\\/zdobywcy-olimpijskich-laurow-polscy-sportowcy\\\/#breadcrumb\",\"itemListElement\":[{\"@type\":\"ListItem\",\"position\":1,\"name\":\"Strona g\u0142\u00f3wna\",\"item\":\"https:\\\/\\\/kulturalna-polska.pl\\\/\"},{\"@type\":\"ListItem\",\"position\":2,\"name\":\"Zdobywcy olimpijskich laur\u00f3w &#8211; polscy sportowcy\"}]},{\"@type\":\"WebSite\",\"@id\":\"https:\\\/\\\/kulturalna-polska.pl\\\/#website\",\"url\":\"https:\\\/\\\/kulturalna-polska.pl\\\/\",\"name\":\"Kulturalna Polska\",\"description\":\"\",\"potentialAction\":[{\"@type\":\"SearchAction\",\"target\":{\"@type\":\"EntryPoint\",\"urlTemplate\":\"https:\\\/\\\/kulturalna-polska.pl\\\/?s={search_term_string}\"},\"query-input\":{\"@type\":\"PropertyValueSpecification\",\"valueRequired\":true,\"valueName\":\"search_term_string\"}}],\"inLanguage\":\"pl-PL\"},{\"@type\":\"Person\",\"@id\":\"https:\\\/\\\/kulturalna-polska.pl\\\/#\\\/schema\\\/person\\\/0b1a63b2ecb7015bd2001fa1a4c7c8e8\",\"name\":\"Micha\u0142 Sujeta\",\"image\":{\"@type\":\"ImageObject\",\"inLanguage\":\"pl-PL\",\"@id\":\"https:\\\/\\\/secure.gravatar.com\\\/avatar\\\/23cbadc0fd324e5354e1be722b108b748acc0dd927a48647a48ba26d833c55c6?s=96&d=mm&r=g\",\"url\":\"https:\\\/\\\/secure.gravatar.com\\\/avatar\\\/23cbadc0fd324e5354e1be722b108b748acc0dd927a48647a48ba26d833c55c6?s=96&d=mm&r=g\",\"contentUrl\":\"https:\\\/\\\/secure.gravatar.com\\\/avatar\\\/23cbadc0fd324e5354e1be722b108b748acc0dd927a48647a48ba26d833c55c6?s=96&d=mm&r=g\",\"caption\":\"Micha\u0142 Sujeta\"},\"url\":\"https:\\\/\\\/kulturalna-polska.pl\\\/index.php\\\/author\\\/msujeta-technologicznie\\\/\"}]}<\/script>\n<!-- \/ Yoast SEO plugin. -->","yoast_head_json":{"title":"Zdobywcy olimpijskich laur\u00f3w - polscy sportowcy - Kulturalna Polska","robots":{"index":"index","follow":"follow","max-snippet":"max-snippet:-1","max-image-preview":"max-image-preview:large","max-video-preview":"max-video-preview:-1"},"canonical":"https:\/\/kulturalna-polska.pl\/index.php\/2024\/06\/06\/zdobywcy-olimpijskich-laurow-polscy-sportowcy\/","og_locale":"pl_PL","og_type":"article","og_title":"Zdobywcy olimpijskich laur\u00f3w - polscy sportowcy - Kulturalna Polska","og_description":"[vc_row type=&#8221;full_width_content&#8221; full_screen_row_position=&#8221;middle&#8221; column_margin=&#8221;default&#8221; column_direction=&#8221;default&#8221; column_direction_tablet=&#8221;default&#8221; column_direction_phone=&#8221;default&#8221; scene_position=&#8221;center&#8221; left_padding_desktop=&#8221;6%&#8221; constrain_group_2=&#8221;yes&#8221; right_padding_desktop=&#8221;6%&#8221; top_margin=&#8221;-5%&#8221; text_color=&#8221;dark&#8221; text_align=&#8221;left&#8221; row_border_radius=&#8221;none&#8221; row_border_radius_applies=&#8221;bg&#8221; overflow=&#8221;visible&#8221; disable_element=&#8221;yes&#8221; advanced_gradient_angle=&#8221;0&#8243; overlay_strength=&#8221;0.3&#8243; gradient_direction=&#8221;left_to_right&#8221; shape_divider_position=&#8221;bottom&#8221; bg_image_animation=&#8221;none&#8221; gradient_type=&#8221;default&#8221; shape_type=&#8221;&#8221;][vc_column column_padding=&#8221;no-extra-padding&#8221; column_padding_tablet=&#8221;inherit&#8221; column_padding_phone=&#8221;inherit&#8221; column_padding_position=&#8221;all&#8221; column_element_direction_desktop=&#8221;default&#8221;...","og_url":"https:\/\/kulturalna-polska.pl\/index.php\/2024\/06\/06\/zdobywcy-olimpijskich-laurow-polscy-sportowcy\/","og_site_name":"Kulturalna Polska","article_published_time":"2024-06-06T17:15:24+00:00","article_modified_time":"2024-07-17T09:34:53+00:00","og_image":[{"width":1200,"height":800,"url":"https:\/\/kulturalna-polska.pl\/wp-content\/uploads\/2024\/06\/KlubDyplomaty_20240607_1kpx-47.jpg","type":"image\/jpeg"}],"author":"Micha\u0142 Sujeta","twitter_card":"summary_large_image","twitter_misc":{"Napisane przez":"Micha\u0142 Sujeta","Szacowany czas czytania":"19 minut"},"schema":{"@context":"https:\/\/schema.org","@graph":[{"@type":"Article","@id":"https:\/\/kulturalna-polska.pl\/index.php\/2024\/06\/06\/zdobywcy-olimpijskich-laurow-polscy-sportowcy\/#article","isPartOf":{"@id":"https:\/\/kulturalna-polska.pl\/index.php\/2024\/06\/06\/zdobywcy-olimpijskich-laurow-polscy-sportowcy\/"},"author":{"name":"Micha\u0142 Sujeta","@id":"https:\/\/kulturalna-polska.pl\/#\/schema\/person\/0b1a63b2ecb7015bd2001fa1a4c7c8e8"},"headline":"Zdobywcy olimpijskich laur\u00f3w &#8211; polscy sportowcy","datePublished":"2024-06-06T17:15:24+00:00","dateModified":"2024-07-17T09:34:53+00:00","mainEntityOfPage":{"@id":"https:\/\/kulturalna-polska.pl\/index.php\/2024\/06\/06\/zdobywcy-olimpijskich-laurow-polscy-sportowcy\/"},"wordCount":1992,"image":{"@id":"https:\/\/kulturalna-polska.pl\/index.php\/2024\/06\/06\/zdobywcy-olimpijskich-laurow-polscy-sportowcy\/#primaryimage"},"thumbnailUrl":"https:\/\/kulturalna-polska.pl\/wp-content\/uploads\/2024\/06\/KlubDyplomaty_20240607_1kpx-47.jpg","articleSection":["Klub Dyplomaty"],"inLanguage":"pl-PL"},{"@type":"WebPage","@id":"https:\/\/kulturalna-polska.pl\/index.php\/2024\/06\/06\/zdobywcy-olimpijskich-laurow-polscy-sportowcy\/","url":"https:\/\/kulturalna-polska.pl\/index.php\/2024\/06\/06\/zdobywcy-olimpijskich-laurow-polscy-sportowcy\/","name":"Zdobywcy olimpijskich laur\u00f3w - polscy sportowcy - Kulturalna Polska","isPartOf":{"@id":"https:\/\/kulturalna-polska.pl\/#website"},"primaryImageOfPage":{"@id":"https:\/\/kulturalna-polska.pl\/index.php\/2024\/06\/06\/zdobywcy-olimpijskich-laurow-polscy-sportowcy\/#primaryimage"},"image":{"@id":"https:\/\/kulturalna-polska.pl\/index.php\/2024\/06\/06\/zdobywcy-olimpijskich-laurow-polscy-sportowcy\/#primaryimage"},"thumbnailUrl":"https:\/\/kulturalna-polska.pl\/wp-content\/uploads\/2024\/06\/KlubDyplomaty_20240607_1kpx-47.jpg","datePublished":"2024-06-06T17:15:24+00:00","dateModified":"2024-07-17T09:34:53+00:00","author":{"@id":"https:\/\/kulturalna-polska.pl\/#\/schema\/person\/0b1a63b2ecb7015bd2001fa1a4c7c8e8"},"breadcrumb":{"@id":"https:\/\/kulturalna-polska.pl\/index.php\/2024\/06\/06\/zdobywcy-olimpijskich-laurow-polscy-sportowcy\/#breadcrumb"},"inLanguage":"pl-PL","potentialAction":[{"@type":"ReadAction","target":["https:\/\/kulturalna-polska.pl\/index.php\/2024\/06\/06\/zdobywcy-olimpijskich-laurow-polscy-sportowcy\/"]}]},{"@type":"ImageObject","inLanguage":"pl-PL","@id":"https:\/\/kulturalna-polska.pl\/index.php\/2024\/06\/06\/zdobywcy-olimpijskich-laurow-polscy-sportowcy\/#primaryimage","url":"https:\/\/kulturalna-polska.pl\/wp-content\/uploads\/2024\/06\/KlubDyplomaty_20240607_1kpx-47.jpg","contentUrl":"https:\/\/kulturalna-polska.pl\/wp-content\/uploads\/2024\/06\/KlubDyplomaty_20240607_1kpx-47.jpg","width":1200,"height":800},{"@type":"BreadcrumbList","@id":"https:\/\/kulturalna-polska.pl\/index.php\/2024\/06\/06\/zdobywcy-olimpijskich-laurow-polscy-sportowcy\/#breadcrumb","itemListElement":[{"@type":"ListItem","position":1,"name":"Strona g\u0142\u00f3wna","item":"https:\/\/kulturalna-polska.pl\/"},{"@type":"ListItem","position":2,"name":"Zdobywcy olimpijskich laur\u00f3w &#8211; polscy sportowcy"}]},{"@type":"WebSite","@id":"https:\/\/kulturalna-polska.pl\/#website","url":"https:\/\/kulturalna-polska.pl\/","name":"Kulturalna Polska","description":"","potentialAction":[{"@type":"SearchAction","target":{"@type":"EntryPoint","urlTemplate":"https:\/\/kulturalna-polska.pl\/?s={search_term_string}"},"query-input":{"@type":"PropertyValueSpecification","valueRequired":true,"valueName":"search_term_string"}}],"inLanguage":"pl-PL"},{"@type":"Person","@id":"https:\/\/kulturalna-polska.pl\/#\/schema\/person\/0b1a63b2ecb7015bd2001fa1a4c7c8e8","name":"Micha\u0142 Sujeta","image":{"@type":"ImageObject","inLanguage":"pl-PL","@id":"https:\/\/secure.gravatar.com\/avatar\/23cbadc0fd324e5354e1be722b108b748acc0dd927a48647a48ba26d833c55c6?s=96&d=mm&r=g","url":"https:\/\/secure.gravatar.com\/avatar\/23cbadc0fd324e5354e1be722b108b748acc0dd927a48647a48ba26d833c55c6?s=96&d=mm&r=g","contentUrl":"https:\/\/secure.gravatar.com\/avatar\/23cbadc0fd324e5354e1be722b108b748acc0dd927a48647a48ba26d833c55c6?s=96&d=mm&r=g","caption":"Micha\u0142 Sujeta"},"url":"https:\/\/kulturalna-polska.pl\/index.php\/author\/msujeta-technologicznie\/"}]}},"_links":{"self":[{"href":"https:\/\/kulturalna-polska.pl\/index.php\/wp-json\/wp\/v2\/posts\/1825","targetHints":{"allow":["GET"]}}],"collection":[{"href":"https:\/\/kulturalna-polska.pl\/index.php\/wp-json\/wp\/v2\/posts"}],"about":[{"href":"https:\/\/kulturalna-polska.pl\/index.php\/wp-json\/wp\/v2\/types\/post"}],"author":[{"embeddable":true,"href":"https:\/\/kulturalna-polska.pl\/index.php\/wp-json\/wp\/v2\/users\/2"}],"replies":[{"embeddable":true,"href":"https:\/\/kulturalna-polska.pl\/index.php\/wp-json\/wp\/v2\/comments?post=1825"}],"version-history":[{"count":3,"href":"https:\/\/kulturalna-polska.pl\/index.php\/wp-json\/wp\/v2\/posts\/1825\/revisions"}],"predecessor-version":[{"id":1900,"href":"https:\/\/kulturalna-polska.pl\/index.php\/wp-json\/wp\/v2\/posts\/1825\/revisions\/1900"}],"wp:featuredmedia":[{"embeddable":true,"href":"https:\/\/kulturalna-polska.pl\/index.php\/wp-json\/wp\/v2\/media\/1873"}],"wp:attachment":[{"href":"https:\/\/kulturalna-polska.pl\/index.php\/wp-json\/wp\/v2\/media?parent=1825"}],"wp:term":[{"taxonomy":"category","embeddable":true,"href":"https:\/\/kulturalna-polska.pl\/index.php\/wp-json\/wp\/v2\/categories?post=1825"},{"taxonomy":"post_tag","embeddable":true,"href":"https:\/\/kulturalna-polska.pl\/index.php\/wp-json\/wp\/v2\/tags?post=1825"}],"curies":[{"name":"wp","href":"https:\/\/api.w.org\/{rel}","templated":true}]}}